{"id":114436,"date":"2020-02-10T13:52:52","date_gmt":"2020-02-10T12:52:52","guid":{"rendered":"http:\/\/polishscience.pl\/?p=114436"},"modified":"2020-02-10T13:52:52","modified_gmt":"2020-02-10T12:52:52","slug":"erster-kongress-fuer-polnische-geisteswissenschaftler","status":"publish","type":"post","link":"https:\/\/www.polishscience.pl\/de\/erster-kongress-fuer-polnische-geisteswissenschaftler\/","title":{"rendered":"Erster Kongress f\u00fcr Polnische Geisteswissenschaftler"},"content":{"rendered":"<p><strong>Vom 20. bis zum 23. April 2020 wird an der Universit\u00e4t \u0141\u00f3d\u017a der erste Kongress f\u00fcr Polnische Geisteswissenschaftler stattfinden.<\/strong><\/p>\n<p>Dies wird ein Treffen polnischer Wissenschaftler sein, die alle geisteswissenschaftlichen Disziplinen und Fachrichtungen vertreten.<\/p>\n<p>Wir m\u00f6chten, dass dieses Treffen zu einem offenen Forum f\u00fcr Diskussionen, Austausch von Meinungen und unterschiedlichen Standpunkten, die miteinander Dialog aufnehmen aber geleichzeitig zu Streitigkeiten und Konfrontationen verschiedener Meinungen provozieren, wird. Es soll alle zwei Jahre stattfinden \u2013 liest man in der Mitteilung der Universit\u00e4t \u0141\u00f3d\u017a.<\/p>\n<p>Der erste Kongress f\u00fcr Polnische Geisteswissenschaftler wird unter dem Motto \u201eGeisteswissenschaften im 21. Jahrhundert\u201c stattfinden. Dieses Motto motiviert zum \u00dcberblick der wichtigsten Ideen der gegenw\u00e4rtigen geisteswissenschaftlichen Forschung, aber auch zur Pr\u00e4sentation und Formulierung der wichtigsten Trends f\u00fcr die Zukunft. Die Vortr\u00e4ge und Podiumsdiskussionen, die von herausragenden Vertretern der einzelnen Disziplinen gef\u00fchrt werden, werden u.a. die Interdisziplinarit\u00e4t in den Geisteswissenschaften, die Bedeutung der Sprache und Literatur in der neuen sozialen Wirklichkeit, die Rolle der neuen R\u00e4ume, z.B. der Post- und Biogeisteswissenschaften betreffen.<\/p>\n","protected":false},"excerpt":{"rendered":"<p>Vom 20. bis zum 23. April 2020 wird an der Universit\u00e4t \u0141\u00f3d\u017a der erste Kongress f\u00fcr Polnische Geisteswissenschaftler stattfinden. Dies wird ein Treffen polnischer Wissenschaftler sein, die alle geisteswissenschaftlichen Disziplinen und Fachrichtungen vertreten. Wir m\u00f6chten, dass dieses Treffen zu einem offenen Forum f\u00fcr Diskussionen, Austausch von Meinungen und unterschiedlichen Standpunkten, die miteinander Dialog aufnehmen aber [&hellip;]<\/p>\n","protected":false},"author":9,"featured_media":0,"comment_status":"closed","ping_status":"closed","sticky":false,"template":"","format":"standard","meta":[],"categories":[61],"tags":[],"_links":{"self":[{"href":"https:\/\/www.polishscience.pl\/de\/wp-json\/wp\/v2\/posts\/114436"}],"collection":[{"href":"https:\/\/www.polishscience.pl\/de\/wp-json\/wp\/v2\/posts"}],"about":[{"href":"https:\/\/www.polishscience.pl\/de\/wp-json\/wp\/v2\/types\/post"}],"author":[{"embeddable":true,"href":"https:\/\/www.polishscience.pl\/de\/wp-json\/wp\/v2\/users\/9"}],"replies":[{"embeddable":true,"href":"https:\/\/www.polishscience.pl\/de\/wp-json\/wp\/v2\/comments?post=114436"}],"version-history":[{"count":0,"href":"https:\/\/www.polishscience.pl\/de\/wp-json\/wp\/v2\/posts\/114436\/revisions"}],"wp:attachment":[{"href":"https:\/\/www.polishscience.pl\/de\/wp-json\/wp\/v2\/media?parent=114436"}],"wp:term":[{"taxonomy":"category","embeddable":true,"href":"https:\/\/www.polishscience.pl\/de\/wp-json\/wp\/v2\/categories?post=114436"},{"taxonomy":"post_tag","embeddable":true,"href":"https:\/\/www.polishscience.pl\/de\/wp-json\/wp\/v2\/tags?post=114436"}],"curies":[{"name":"wp","href":"https:\/\/api.w.org\/{rel}","templated":true}]}}