{"id":113553,"date":"2020-02-04T15:24:21","date_gmt":"2020-02-04T14:24:21","guid":{"rendered":"http:\/\/polishscience.pl\/?p=113553"},"modified":"2020-02-04T15:24:21","modified_gmt":"2020-02-04T14:24:21","slug":"forum-fuer-die-rechtsstaatlichkeit-in-warschau","status":"publish","type":"post","link":"https:\/\/www.polishscience.pl\/de\/forum-fuer-die-rechtsstaatlichkeit-in-warschau\/","title":{"rendered":"\u201eForum f\u00fcr die Rechtsstaatlichkeit\u201d in Warschau"},"content":{"rendered":"<p><strong>Die Vertreter der rechtlichen und wissenschaftlichen Einrichtungen und Kreise haben sich am Freitag dem 31. Januar getroffen, um \u00fcber die Reform des Justizsystems zu sprechen. Zum Dialog hat die Polnische Akademie der Wissenschaften, die auch Gastgeberin der Veranstaltung im Staszic-Palast war, eingeladen.<\/strong><\/p>\n<p>\u201eIch glaube fest daran, dass wir miteinander sachlich und mit gegenseitigem Respekt diskutieren k\u00f6nnen. Ich glaube fest daran, dass wir \u2013 die heute an diesem Tisch sitzen \u2013 einige Fortschritte in Fragen der Rechtsstaatlichkeit machen k\u00f6nnen\u201c \u2013 hat Pr\u00e4sident der Polnischen Akademie der Wissenschaften Prof. Jerzy Duszy\u0144ski bei der Begr\u00fc\u00dfung der Teilnehmer des Forums gesagt.<\/p>\n<p>An der Veranstaltung hat u.a. Jaros\u0142aw Gowin, stellvertretender Ministerpr\u00e4sident, Minister f\u00fcr Wissenschaft und Hochschulbildung und Pawe\u0142 Mucha, Staatssekret\u00e4r in der Kanzlei des Pr\u00e4sidenten teilgenommen.<\/p>\n<p>Das Treffen \u201eForum f\u00fcr die Rechtsstaatlichkeit\u201d hat die Polnische Akademie der Wissenschaften in der Zusammenarbeit mit der Polnischen Akademie der Gelehrsamkeit organisiert. Das Ziel der Initiative ist konstruktiver Dialog \u00fcber die Reform des Justizsystems. Dies ist gleichzeitig eine Antwort auf die Forderung der Angeh\u00f6rigen der Rechtsberufe nach rundem Tisch zum Thema der Rechtsstaatlichkeit.<\/p>\n","protected":false},"excerpt":{"rendered":"<p>Die Vertreter der rechtlichen und wissenschaftlichen Einrichtungen und Kreise haben sich am Freitag dem 31. Januar getroffen, um \u00fcber die Reform des Justizsystems zu sprechen. Zum Dialog hat die Polnische Akademie der Wissenschaften, die auch Gastgeberin der Veranstaltung im Staszic-Palast war, eingeladen. \u201eIch glaube fest daran, dass wir miteinander sachlich und mit gegenseitigem Respekt diskutieren [&hellip;]<\/p>\n","protected":false},"author":9,"featured_media":0,"comment_status":"closed","ping_status":"closed","sticky":false,"template":"","format":"standard","meta":[],"categories":[65],"tags":[],"_links":{"self":[{"href":"https:\/\/www.polishscience.pl\/de\/wp-json\/wp\/v2\/posts\/113553"}],"collection":[{"href":"https:\/\/www.polishscience.pl\/de\/wp-json\/wp\/v2\/posts"}],"about":[{"href":"https:\/\/www.polishscience.pl\/de\/wp-json\/wp\/v2\/types\/post"}],"author":[{"embeddable":true,"href":"https:\/\/www.polishscience.pl\/de\/wp-json\/wp\/v2\/users\/9"}],"replies":[{"embeddable":true,"href":"https:\/\/www.polishscience.pl\/de\/wp-json\/wp\/v2\/comments?post=113553"}],"version-history":[{"count":0,"href":"https:\/\/www.polishscience.pl\/de\/wp-json\/wp\/v2\/posts\/113553\/revisions"}],"wp:attachment":[{"href":"https:\/\/www.polishscience.pl\/de\/wp-json\/wp\/v2\/media?parent=113553"}],"wp:term":[{"taxonomy":"category","embeddable":true,"href":"https:\/\/www.polishscience.pl\/de\/wp-json\/wp\/v2\/categories?post=113553"},{"taxonomy":"post_tag","embeddable":true,"href":"https:\/\/www.polishscience.pl\/de\/wp-json\/wp\/v2\/tags?post=113553"}],"curies":[{"name":"wp","href":"https:\/\/api.w.org\/{rel}","templated":true}]}}