{"id":113378,"date":"2020-02-03T16:15:09","date_gmt":"2020-02-03T15:15:09","guid":{"rendered":"http:\/\/polishscience.pl\/?p=113378"},"modified":"2020-02-03T16:15:09","modified_gmt":"2020-02-03T15:15:09","slug":"ehemaliger-rektor-der-technischen-universitaet-oppeln-wurde-mit-dem-star-der-internationalisierung-ausgezeichnet","status":"publish","type":"post","link":"https:\/\/www.polishscience.pl\/de\/ehemaliger-rektor-der-technischen-universitaet-oppeln-wurde-mit-dem-star-der-internationalisierung-ausgezeichnet\/","title":{"rendered":"Ehemaliger Rektor der Technischen Universit\u00e4t Oppeln wurde mit dem \u201eStar der Internationalisierung\u201c ausgezeichnet"},"content":{"rendered":"<p><strong>Prof. Marek Tukiendorf, Rektor der Technischen Universit\u00e4t Oppeln in den Jahren 2012-2019, wurde postum mit dem Sonderpreis \u201eDistinguished Star\u201d im Wettbewerb \u201eStar der Internationalisierung\u201c ausgezeichnet \u2013 teilt die Universit\u00e4t mit.<\/strong><\/p>\n<p>Prof. Tukiendorf war in den Jahren 2016-2019 Vorsitzender der Kommission f\u00fcr Internationale Zusammenarbeit der Konferenz der Rektoren der Akademischen Schulen in Polen (KRASP). In der Begr\u00fcndung f\u00fcr die Ehrung hat die Wettbewerbsjury unter der Leitung von Prof. Jan Szmidt (Vorsitzender der KRASP) u.a. geschrieben: \u201eIm Namen der Konferenz der Rektoren der Akademischen Schulen in Polen setzte er sich mit echtem Eifer und ungew\u00f6hnlichem Talent f\u00fcr die Er\u00f6ffnung neuer Wege der Zusammenarbeit ein \u2013 auf der Ebene der Hochschule und der Konferenz der Rektoren, im Osten und im Westen, in Europa, Asien und Amerika\u2026 Er machte das sehr effektiv\u201c.<\/p>\n<p>Die Preise \u201eStars der Internationalisierung\u201c werden seit drei Jahren im Zusammenhang mit dem Programm \u201eStudy in Poland\u201c, das von der Konferenz der Rektoren der Akademischen Schulen in Polen und der Bildungsstiftung \u201ePerspektywy\u201c organisiert wird, verliehen. Der Ehrenschirmherr des Wettbewerbs ist Minister f\u00fcr Wissenschaft und Hochschulbildung Jaros\u0142aw Gowin.<\/p>\n<p>Mehr: <a href=\"https:\/\/wu.po.opole.pl\/prof-marek-tukiendorf-uhonorowany-gwiazda-umiedzynarodowienia-2020\/?fbclid=IwAR2f-6ASgSnVUrhiwsEGtrO-TXDX1YIzSyhv7p2HVDbtQJPUE_5Le3KcdWk\">https:\/\/wu.po.opole.pl\/prof-marek-tukiendorf-uhonorowany-gwiazda-umiedzynarodowienia-2020\/?fbclid=IwAR2f-6ASgSnVUrhiwsEGtrO-TXDX1YIzSyhv7p2HVDbtQJPUE_5Le3KcdWk<\/a><\/p>\n","protected":false},"excerpt":{"rendered":"<p>Prof. Marek Tukiendorf, Rektor der Technischen Universit\u00e4t Oppeln in den Jahren 2012-2019, wurde postum mit dem Sonderpreis \u201eDistinguished Star\u201d im Wettbewerb \u201eStar der Internationalisierung\u201c ausgezeichnet \u2013 teilt die Universit\u00e4t mit. Prof. Tukiendorf war in den Jahren 2016-2019 Vorsitzender der Kommission f\u00fcr Internationale Zusammenarbeit der Konferenz der Rektoren der Akademischen Schulen in Polen (KRASP). In der [&hellip;]<\/p>\n","protected":false},"author":9,"featured_media":0,"comment_status":"closed","ping_status":"closed","sticky":false,"template":"","format":"standard","meta":[],"categories":[59],"tags":[],"_links":{"self":[{"href":"https:\/\/www.polishscience.pl\/de\/wp-json\/wp\/v2\/posts\/113378"}],"collection":[{"href":"https:\/\/www.polishscience.pl\/de\/wp-json\/wp\/v2\/posts"}],"about":[{"href":"https:\/\/www.polishscience.pl\/de\/wp-json\/wp\/v2\/types\/post"}],"author":[{"embeddable":true,"href":"https:\/\/www.polishscience.pl\/de\/wp-json\/wp\/v2\/users\/9"}],"replies":[{"embeddable":true,"href":"https:\/\/www.polishscience.pl\/de\/wp-json\/wp\/v2\/comments?post=113378"}],"version-history":[{"count":0,"href":"https:\/\/www.polishscience.pl\/de\/wp-json\/wp\/v2\/posts\/113378\/revisions"}],"wp:attachment":[{"href":"https:\/\/www.polishscience.pl\/de\/wp-json\/wp\/v2\/media?parent=113378"}],"wp:term":[{"taxonomy":"category","embeddable":true,"href":"https:\/\/www.polishscience.pl\/de\/wp-json\/wp\/v2\/categories?post=113378"},{"taxonomy":"post_tag","embeddable":true,"href":"https:\/\/www.polishscience.pl\/de\/wp-json\/wp\/v2\/tags?post=113378"}],"curies":[{"name":"wp","href":"https:\/\/api.w.org\/{rel}","templated":true}]}}