{"id":112464,"date":"2020-01-27T16:30:26","date_gmt":"2020-01-27T15:30:26","guid":{"rendered":"http:\/\/polishscience.pl\/?p=112464"},"modified":"2020-01-27T16:30:26","modified_gmt":"2020-01-27T15:30:26","slug":"drei-wissenschaftler-von-der-universitaet-danzig-mit-den-stipendien-aus-dem-bekker-programm","status":"publish","type":"post","link":"https:\/\/www.polishscience.pl\/de\/drei-wissenschaftler-von-der-universitaet-danzig-mit-den-stipendien-aus-dem-bekker-programm\/","title":{"rendered":"Drei Wissenschaftler von der Universit\u00e4t Danzig mit den Stipendien aus dem Bekker-Programm"},"content":{"rendered":"<p><strong>Drei Wissenschaftler von der Universit\u00e4t Danzig geh\u00f6ren zu den Stipendiaten des von der Nationalen Agentur f\u00fcr Akademischen Austausch organisierten Bekker-Programms. Das Stipendium deckt die Kosten des Aufenthalts der Forscher in renommierten ausl\u00e4ndischen Forschungseinrichtungen \u2013 teilt die Universit\u00e4t mit.<\/strong><\/p>\n<p>Dr. habil. Tomasz Besta von der Fakult\u00e4t f\u00fcr Sozialwissenschaften wird an der australischen Flinders University das Projekt \u201eNormative und nicht normative kollektive Ma\u00dfnahmen: Identit\u00e4t, Emotionen und kulturelle Dimensionen\u201c durchf\u00fchren. Dr. Anna Klimaszewska von der Fakult\u00e4t f\u00fcr Recht und Verwaltung wird nach Frankreich ausreisen, wo sie an der Universit\u00e9 Paris II Panth\u00e9on Assas das Projekt \u201eF\u00fcr europ\u00e4ische Geschichte des Handelsrechtes, die Polen nicht ausschlie\u00dft\u201c umsetzen wird. Dr. Ing. Aleksandra Pieczy\u0144ska von der Fakult\u00e4t f\u00fcr Chemie wird dagegen an der spanischen Universit\u00e4t Barcelona das Projekt \u201eKohlenstoff-Nanostrukturen, die mit Nanopartikeln TiO2\/Metallcarbid oder WO3\/ Metallcarbid funktionalisiert wurden \u2013 Synthese und Eigenschaften\u201c durchf\u00fchren.<\/p>\n","protected":false},"excerpt":{"rendered":"<p>Drei Wissenschaftler von der Universit\u00e4t Danzig geh\u00f6ren zu den Stipendiaten des von der Nationalen Agentur f\u00fcr Akademischen Austausch organisierten Bekker-Programms. Das Stipendium deckt die Kosten des Aufenthalts der Forscher in renommierten ausl\u00e4ndischen Forschungseinrichtungen \u2013 teilt die Universit\u00e4t mit. Dr. habil. Tomasz Besta von der Fakult\u00e4t f\u00fcr Sozialwissenschaften wird an der australischen Flinders University das Projekt [&hellip;]<\/p>\n","protected":false},"author":9,"featured_media":0,"comment_status":"closed","ping_status":"closed","sticky":false,"template":"","format":"standard","meta":[],"categories":[59],"tags":[],"_links":{"self":[{"href":"https:\/\/www.polishscience.pl\/de\/wp-json\/wp\/v2\/posts\/112464"}],"collection":[{"href":"https:\/\/www.polishscience.pl\/de\/wp-json\/wp\/v2\/posts"}],"about":[{"href":"https:\/\/www.polishscience.pl\/de\/wp-json\/wp\/v2\/types\/post"}],"author":[{"embeddable":true,"href":"https:\/\/www.polishscience.pl\/de\/wp-json\/wp\/v2\/users\/9"}],"replies":[{"embeddable":true,"href":"https:\/\/www.polishscience.pl\/de\/wp-json\/wp\/v2\/comments?post=112464"}],"version-history":[{"count":0,"href":"https:\/\/www.polishscience.pl\/de\/wp-json\/wp\/v2\/posts\/112464\/revisions"}],"wp:attachment":[{"href":"https:\/\/www.polishscience.pl\/de\/wp-json\/wp\/v2\/media?parent=112464"}],"wp:term":[{"taxonomy":"category","embeddable":true,"href":"https:\/\/www.polishscience.pl\/de\/wp-json\/wp\/v2\/categories?post=112464"},{"taxonomy":"post_tag","embeddable":true,"href":"https:\/\/www.polishscience.pl\/de\/wp-json\/wp\/v2\/tags?post=112464"}],"curies":[{"name":"wp","href":"https:\/\/api.w.org\/{rel}","templated":true}]}}