{"id":112456,"date":"2020-01-27T15:46:16","date_gmt":"2020-01-27T14:46:16","guid":{"rendered":"http:\/\/polishscience.pl\/?p=112456"},"modified":"2020-01-27T15:46:16","modified_gmt":"2020-01-27T14:46:16","slug":"universitaet-lodz-treffen-auslaendischer-experten-die-am-projekt-europaeische-universitaeten-arbeiten","status":"publish","type":"post","link":"https:\/\/www.polishscience.pl\/de\/universitaet-lodz-treffen-auslaendischer-experten-die-am-projekt-europaeische-universitaeten-arbeiten\/","title":{"rendered":"Universit\u00e4t \u0141\u00f3d\u017a: Treffen ausl\u00e4ndischer Experten, die am Projekt \u201eEurop\u00e4ische Universit\u00e4ten\u201c arbeiten"},"content":{"rendered":"<p><strong>Die Experten aus Deutschland, Frankreich, Italien, Griechenland und Polen haben sich an der Universit\u00e4t \u0141\u00f3d\u017a getroffen, um gemeinsam die Strategie der Bem\u00fchungen um die Aufnahme zum Netzwerk \u201eEurop\u00e4ische Universit\u00e4ten\u201c zu planen. Auf dem Spiel steht die Finanzierung eines gro\u00dfen Projekts, bis f\u00fcnf Millionen EUR \u2013 teilt das Zentrum f\u00fcr F\u00f6rderung der Universit\u00e4t \u0141\u00f3d\u017a mit.<\/strong><\/p>\n<p>Am 5. Februar, in Frankfurt, werden die Rektoren der f\u00fcnf Hochschulen einen Vertrag unterzeichnen, der ein Konsortium ins Leben rufen wird, das einen Antrag zum Projekt \u201eEurop\u00e4ische Universit\u00e4ten\u201c einreichen wird. Dem Konsortium werden die Goethe-Universit\u00e4t Frankfurt als Koordinator des Projekts, die Universit\u00e4t \u0141\u00f3d\u017a, die Universit\u00e4t Lyon II, die Katholische Universit\u00e4t Mailand und die Universit\u00e4t von Mazedonien in Thessaloniki angeh\u00f6ren. Die endg\u00fcltige Frist f\u00fcr die Einreichung von Antr\u00e4gen l\u00e4uft am 26. Februar 2020 ab. Die Ergebnisse wird man im Juni bekannt geben. Im Falle des Erfolgs wird die Durchf\u00fchrung des Projekts im Oktober 2020 beginnen.<\/p>\n<p>Das Treffen der Partner an der Universit\u00e4t \u0141\u00f3d\u017a ist schon eine weitere Zusammenkunft im Rahmen der Vorbereitung des Antrags f\u00fcr die Ausschreibung \u201eEurop\u00e4ische Universit\u00e4ten\u201c, an dem das internationale Projektteam schon seit ein paar Monaten arbeitet. Werden die Projektannahmen akzeptiert, so wird die Universit\u00e4t \u0141\u00f3d\u017a ein neues Kapitel der internationalen Zusammenarbeit f\u00fcr die Entwicklung der breit verstandenen Ausbildung und Didaktik anfangen \u2013 hat Prof. Pawe\u0142 Starosta, Prorektor f\u00fcr nationale und internationale Zusammenarbeit der Universit\u00e4t \u0141\u00f3d\u017a festgestellt.<\/p>\n","protected":false},"excerpt":{"rendered":"<p>Die Experten aus Deutschland, Frankreich, Italien, Griechenland und Polen haben sich an der Universit\u00e4t \u0141\u00f3d\u017a getroffen, um gemeinsam die Strategie der Bem\u00fchungen um die Aufnahme zum Netzwerk \u201eEurop\u00e4ische Universit\u00e4ten\u201c zu planen. Auf dem Spiel steht die Finanzierung eines gro\u00dfen Projekts, bis f\u00fcnf Millionen EUR \u2013 teilt das Zentrum f\u00fcr F\u00f6rderung der Universit\u00e4t \u0141\u00f3d\u017a mit. Am [&hellip;]<\/p>\n","protected":false},"author":9,"featured_media":0,"comment_status":"closed","ping_status":"closed","sticky":false,"template":"","format":"standard","meta":[],"categories":[59],"tags":[],"_links":{"self":[{"href":"https:\/\/www.polishscience.pl\/de\/wp-json\/wp\/v2\/posts\/112456"}],"collection":[{"href":"https:\/\/www.polishscience.pl\/de\/wp-json\/wp\/v2\/posts"}],"about":[{"href":"https:\/\/www.polishscience.pl\/de\/wp-json\/wp\/v2\/types\/post"}],"author":[{"embeddable":true,"href":"https:\/\/www.polishscience.pl\/de\/wp-json\/wp\/v2\/users\/9"}],"replies":[{"embeddable":true,"href":"https:\/\/www.polishscience.pl\/de\/wp-json\/wp\/v2\/comments?post=112456"}],"version-history":[{"count":0,"href":"https:\/\/www.polishscience.pl\/de\/wp-json\/wp\/v2\/posts\/112456\/revisions"}],"wp:attachment":[{"href":"https:\/\/www.polishscience.pl\/de\/wp-json\/wp\/v2\/media?parent=112456"}],"wp:term":[{"taxonomy":"category","embeddable":true,"href":"https:\/\/www.polishscience.pl\/de\/wp-json\/wp\/v2\/categories?post=112456"},{"taxonomy":"post_tag","embeddable":true,"href":"https:\/\/www.polishscience.pl\/de\/wp-json\/wp\/v2\/tags?post=112456"}],"curies":[{"name":"wp","href":"https:\/\/api.w.org\/{rel}","templated":true}]}}