{"id":112094,"date":"2020-01-23T14:22:22","date_gmt":"2020-01-23T13:22:22","guid":{"rendered":"http:\/\/polishscience.pl\/?p=112094"},"modified":"2020-01-23T14:22:22","modified_gmt":"2020-01-23T13:22:22","slug":"2-akademisches-und-wirtschaftsforum-hochschulen-und-unternehmen-fuer-stabile-entwicklung-des-landes","status":"publish","type":"post","link":"https:\/\/www.polishscience.pl\/de\/2-akademisches-und-wirtschaftsforum-hochschulen-und-unternehmen-fuer-stabile-entwicklung-des-landes\/","title":{"rendered":"2. Akademisches und Wirtschaftsforum \u201eHochschulen und Unternehmen f\u00fcr stabile Entwicklung des Landes\u201c"},"content":{"rendered":"<p><strong>Am 6. Februar 2020 wird im Zentrum f\u00fcr Innovations- und Technologietransfer-Management der Technischen Universit\u00e4t Warschau das 2. Akademische und Wirtschaftsforum \u201eHochschulen und Unternehmen f\u00fcr stabile Entwicklung des Landes\u201c stattfinden.<\/strong><\/p>\n<p>An der Veranstaltung werden herausragende Experten, Vertreter der Forschungs- und Entwicklungsgemeinschaft der f\u00fchrenden polnischen Hochschulen, der \u00f6ffentlichen Verwaltung und der Unternehmen teilnehmen.<\/p>\n<p>Die Teilnehmer des Forums werden die ersten Erfahrungen der seit \u00fcber sechs Monaten funktionierenden Hochschulr\u00e4te sowie ihre Aktionsprogramme analysieren. Sie werden \u00fcber die erwarteten Kompetenzen der Absolventen debattieren und besondere Aufmerksamkeit den Ergebnissen der Arbeit der Fachspezifischen R\u00e4te f\u00fcr Kompetenzen schenken. Sie werden sich auch mit der Frage der \u00f6ffentlichen und privaten Finanzierung der Zusammenarbeit zwischen Hochschulen und Unternehmen besch\u00e4ftigen.<\/p>\n<p>Die Ehrenschirmherren des 2. Akademischen und Wirtschaftsforums sind: der Minister f\u00fcr Wissenschaft und Hochschulbildung, der Minister f\u00fcr Entwicklung sowie der Minister f\u00fcr Fonds und Regionalpolitik.<\/p>\n","protected":false},"excerpt":{"rendered":"<p>Am 6. Februar 2020 wird im Zentrum f\u00fcr Innovations- und Technologietransfer-Management der Technischen Universit\u00e4t Warschau das 2. Akademische und Wirtschaftsforum \u201eHochschulen und Unternehmen f\u00fcr stabile Entwicklung des Landes\u201c stattfinden. An der Veranstaltung werden herausragende Experten, Vertreter der Forschungs- und Entwicklungsgemeinschaft der f\u00fchrenden polnischen Hochschulen, der \u00f6ffentlichen Verwaltung und der Unternehmen teilnehmen. Die Teilnehmer des Forums [&hellip;]<\/p>\n","protected":false},"author":9,"featured_media":0,"comment_status":"closed","ping_status":"closed","sticky":false,"template":"","format":"standard","meta":[],"categories":[64,65],"tags":[],"_links":{"self":[{"href":"https:\/\/www.polishscience.pl\/de\/wp-json\/wp\/v2\/posts\/112094"}],"collection":[{"href":"https:\/\/www.polishscience.pl\/de\/wp-json\/wp\/v2\/posts"}],"about":[{"href":"https:\/\/www.polishscience.pl\/de\/wp-json\/wp\/v2\/types\/post"}],"author":[{"embeddable":true,"href":"https:\/\/www.polishscience.pl\/de\/wp-json\/wp\/v2\/users\/9"}],"replies":[{"embeddable":true,"href":"https:\/\/www.polishscience.pl\/de\/wp-json\/wp\/v2\/comments?post=112094"}],"version-history":[{"count":0,"href":"https:\/\/www.polishscience.pl\/de\/wp-json\/wp\/v2\/posts\/112094\/revisions"}],"wp:attachment":[{"href":"https:\/\/www.polishscience.pl\/de\/wp-json\/wp\/v2\/media?parent=112094"}],"wp:term":[{"taxonomy":"category","embeddable":true,"href":"https:\/\/www.polishscience.pl\/de\/wp-json\/wp\/v2\/categories?post=112094"},{"taxonomy":"post_tag","embeddable":true,"href":"https:\/\/www.polishscience.pl\/de\/wp-json\/wp\/v2\/tags?post=112094"}],"curies":[{"name":"wp","href":"https:\/\/api.w.org\/{rel}","templated":true}]}}