{"id":110586,"date":"2020-01-14T15:39:22","date_gmt":"2020-01-14T14:39:22","guid":{"rendered":"http:\/\/polishscience.pl\/?p=110586"},"modified":"2020-01-14T15:39:23","modified_gmt":"2020-01-14T14:39:23","slug":"feierlichkeiten-zum-welttag-der-logik-an-der-universitaet-warschau","status":"publish","type":"post","link":"https:\/\/www.polishscience.pl\/de\/feierlichkeiten-zum-welttag-der-logik-an-der-universitaet-warschau\/","title":{"rendered":"Feierlichkeiten zum Welttag der Logik an der Universit\u00e4t Warschau"},"content":{"rendered":"<p><strong>Am 14. Januar feiert man den Welttag der Logik. Aus dieser Gelegenheit wird an der Universit\u00e4t Warschau eine Debatte mit dem Titel \u201eWozu brauchen wir Logik?\u201c stattfinden. <\/strong><\/p>\n<p>Das Treffen wird am 14. Januar am Institut f\u00fcr Philosophie der Universit\u00e4t Warschau stattfinden. Man wird \u00fcber den Sinn der Entwicklung dieser Disziplin, die Anwendungen der Logik sowie die Aufteilung in sog. bessere und schlimmere Logik debattieren. An der Diskussion werden Mitarbeiter des Instituts f\u00fcr Philosophie sowie der Fakult\u00e4t f\u00fcr Polonistik teilnehmen \u2013 teilt die Universit\u00e4t mit.<\/p>\n<p>Der Welttag der Logik (World Logic Day) wurde von Prof. Jean-Yves Beziau initiiert. Diese internationale Veranstaltung wird am Geburtstag von Alfred Tarski und Todestag von Kurt G\u00f6del \u2013 Gelehrten, die f\u00fcr die wichtigsten Logiker in der Welt gehalten werden, gefeiert. Der Welttag der Logik soll der F\u00f6rderung der Logik und Intensivierung der Zusammenarbeit zwischen wissenschaftlichen Mitarbeitern, die an dieser Subdisziplin interessiert sind, dienen. Die Initiative findet unter der Schirmherrschaft von UNESCO statt.<\/p>\n","protected":false},"excerpt":{"rendered":"<p>Am 14. Januar feiert man den Welttag der Logik. Aus dieser Gelegenheit wird an der Universit\u00e4t Warschau eine Debatte mit dem Titel \u201eWozu brauchen wir Logik?\u201c stattfinden. Das Treffen wird am 14. Januar am Institut f\u00fcr Philosophie der Universit\u00e4t Warschau stattfinden. Man wird \u00fcber den Sinn der Entwicklung dieser Disziplin, die Anwendungen der Logik sowie [&hellip;]<\/p>\n","protected":false},"author":9,"featured_media":0,"comment_status":"closed","ping_status":"closed","sticky":false,"template":"","format":"standard","meta":[],"categories":[65],"tags":[],"_links":{"self":[{"href":"https:\/\/www.polishscience.pl\/de\/wp-json\/wp\/v2\/posts\/110586"}],"collection":[{"href":"https:\/\/www.polishscience.pl\/de\/wp-json\/wp\/v2\/posts"}],"about":[{"href":"https:\/\/www.polishscience.pl\/de\/wp-json\/wp\/v2\/types\/post"}],"author":[{"embeddable":true,"href":"https:\/\/www.polishscience.pl\/de\/wp-json\/wp\/v2\/users\/9"}],"replies":[{"embeddable":true,"href":"https:\/\/www.polishscience.pl\/de\/wp-json\/wp\/v2\/comments?post=110586"}],"version-history":[{"count":0,"href":"https:\/\/www.polishscience.pl\/de\/wp-json\/wp\/v2\/posts\/110586\/revisions"}],"wp:attachment":[{"href":"https:\/\/www.polishscience.pl\/de\/wp-json\/wp\/v2\/media?parent=110586"}],"wp:term":[{"taxonomy":"category","embeddable":true,"href":"https:\/\/www.polishscience.pl\/de\/wp-json\/wp\/v2\/categories?post=110586"},{"taxonomy":"post_tag","embeddable":true,"href":"https:\/\/www.polishscience.pl\/de\/wp-json\/wp\/v2\/tags?post=110586"}],"curies":[{"name":"wp","href":"https:\/\/api.w.org\/{rel}","templated":true}]}}