{"id":109469,"date":"2020-01-07T13:50:21","date_gmt":"2020-01-07T12:50:21","guid":{"rendered":"http:\/\/polishscience.pl\/?p=109469"},"modified":"2020-01-07T14:50:42","modified_gmt":"2020-01-07T13:50:42","slug":"internationale-konferenz-des-projekts-europaeische-sozialerhebung","status":"publish","type":"post","link":"https:\/\/www.polishscience.pl\/de\/internationale-konferenz-des-projekts-europaeische-sozialerhebung\/","title":{"rendered":"Internationale Konferenz des Projekts \u201eEurop\u00e4ische Sozialerhebung\u201c"},"content":{"rendered":"<p><strong>Das Institut f\u00fcr Philosophie und Soziologie der Polnischen Akademie der Wissenschaften l\u00e4dt am 5. Februar zu einer internationalen Konferenz \u201dPoland and its European context: Continuity and Change\u201d, auf der man die Ergebnisse der 9. Auflage des Projekts \u201eEurop\u00e4ische Sozialerhebung\u201c pr\u00e4sentieren wird, nach Warschau ein.<\/strong><\/p>\n<p>W\u00e4hrend der Konferenz sind drei Sitzungen vorgesehen. Sie werden folgende Themen betreffen: das Gef\u00fchl der sozialen Gerechtigkeit, Vorstellungen von der besten Zeit f\u00fcr wichtige Lebensphasen wie Ehe, Pension u. \u00e4. sowie Einstellungen zu Immigration und Immigranten.<\/p>\n<p>Die Europ\u00e4ische Sozialerhebung (ESS) ist eins der gr\u00f6\u00dften und wichtigsten europ\u00e4ischen Forschungsprojekte, an dem sich ca. 30 L\u00e4ndern beteiligen. 2005 wurde dieses Projekt von der Europ\u00e4ischen Kommission mit dem Descartes-Preis ausgezeichnet. 2013 hat das Projekt ESS den Status European Research Infrastracutre Consortium (ERIC) erhalten und 2014 wurde es in den &#8222;Polnischen Fahrplan f\u00fcr Forschungsinfrastrukturen\u201d eingetragen.<\/p>\n","protected":false},"excerpt":{"rendered":"<p>Das Institut f\u00fcr Philosophie und Soziologie der Polnischen Akademie der Wissenschaften l\u00e4dt am 5. Februar zu einer internationalen Konferenz \u201dPoland and its European context: Continuity and Change\u201d, auf der man die Ergebnisse der 9. Auflage des Projekts \u201eEurop\u00e4ische Sozialerhebung\u201c pr\u00e4sentieren wird, nach Warschau ein. W\u00e4hrend der Konferenz sind drei Sitzungen vorgesehen. Sie werden folgende Themen [&hellip;]<\/p>\n","protected":false},"author":9,"featured_media":0,"comment_status":"closed","ping_status":"closed","sticky":false,"template":"","format":"standard","meta":[],"categories":[65],"tags":[],"_links":{"self":[{"href":"https:\/\/www.polishscience.pl\/de\/wp-json\/wp\/v2\/posts\/109469"}],"collection":[{"href":"https:\/\/www.polishscience.pl\/de\/wp-json\/wp\/v2\/posts"}],"about":[{"href":"https:\/\/www.polishscience.pl\/de\/wp-json\/wp\/v2\/types\/post"}],"author":[{"embeddable":true,"href":"https:\/\/www.polishscience.pl\/de\/wp-json\/wp\/v2\/users\/9"}],"replies":[{"embeddable":true,"href":"https:\/\/www.polishscience.pl\/de\/wp-json\/wp\/v2\/comments?post=109469"}],"version-history":[{"count":0,"href":"https:\/\/www.polishscience.pl\/de\/wp-json\/wp\/v2\/posts\/109469\/revisions"}],"wp:attachment":[{"href":"https:\/\/www.polishscience.pl\/de\/wp-json\/wp\/v2\/media?parent=109469"}],"wp:term":[{"taxonomy":"category","embeddable":true,"href":"https:\/\/www.polishscience.pl\/de\/wp-json\/wp\/v2\/categories?post=109469"},{"taxonomy":"post_tag","embeddable":true,"href":"https:\/\/www.polishscience.pl\/de\/wp-json\/wp\/v2\/tags?post=109469"}],"curies":[{"name":"wp","href":"https:\/\/api.w.org\/{rel}","templated":true}]}}