{"id":109205,"date":"2020-01-03T15:15:49","date_gmt":"2020-01-03T14:15:49","guid":{"rendered":"http:\/\/polishscience.pl\/?p=109205"},"modified":"2020-01-03T15:15:49","modified_gmt":"2020-01-03T14:15:49","slug":"polnische-akademie-der-wissenschaften-wird-forum-fuer-rechtsstaatlichkeit-organisieren","status":"publish","type":"post","link":"https:\/\/www.polishscience.pl\/de\/polnische-akademie-der-wissenschaften-wird-forum-fuer-rechtsstaatlichkeit-organisieren\/","title":{"rendered":"Polnische Akademie der Wissenschaften wird \u201eForum f\u00fcr Rechtsstaatlichkeit\u201c organisieren"},"content":{"rendered":"<p><strong>Am 23. Januar 2020 wird im Staszic-Palast Warschau ein \u201eForum f\u00fcr Rechtsstaatlichkeit\u201c, das von der Polnischen Akademie der Wissenschaften in der Zusammenarbeit mit der Polnischen Akademie der Gelehrsamkeit organisiert wird, stattfinden.<\/strong><\/p>\n<p>Die Information dar\u00fcber hat der Pr\u00e4sident der Polnischen Akademie der Wissenschaften, Prof. Jerzy Duszy\u0144ski in einem Brief vom 31. Dezember 2019 an die Beh\u00f6rden des Obersten Rates der Anwaltschaft, der Vereinigung polnischer Richter \u201eIUSTITIA\u201c sowie des Nationalen Rates der Rechtsberater mitgeteilt.<\/p>\n<p>Die oben genannten Organisationen haben sich an den Pr\u00e4sidenten der Polnischen Akademie der Wissenschaften mit einer Bitte um die \u00dcbernahme der Schirmherrschaft \u00fcber eine Veranstaltung mit der Bezeichnung \u201eRundes Tisch f\u00fcr die Rechtsstaatlichkeit\u201c gewandt. Prof. Duszy\u0144ski hat die Bitte zwar abgelehnt doch mitgeteilt, dass die Polnische Akademie der Wissenschaften eigene Veranstaltung zum Thema des Landesrats f\u00fcr Gerichtsbarkeit (Krajowa Rada S\u0105downctwa) plant. Sie will zu diesem Treffen nicht nur die Vertreter des Pr\u00e4sidenten, den Sejm- und Senat-Marschall sondern auch die Vertreter des Obersten Rates der Anwaltschaft, der Vereinigung polnischer Richter \u201eIUSTITIA\u201c, des Nationalen Rates der Rechtsberater sowie Dekanen der rechtswissenschaftlichen Fakult\u00e4ten von ausgew\u00e4hlten Universit\u00e4ten einladen.<\/p>\n","protected":false},"excerpt":{"rendered":"<p>Am 23. Januar 2020 wird im Staszic-Palast Warschau ein \u201eForum f\u00fcr Rechtsstaatlichkeit\u201c, das von der Polnischen Akademie der Wissenschaften in der Zusammenarbeit mit der Polnischen Akademie der Gelehrsamkeit organisiert wird, stattfinden. Die Information dar\u00fcber hat der Pr\u00e4sident der Polnischen Akademie der Wissenschaften, Prof. Jerzy Duszy\u0144ski in einem Brief vom 31. Dezember 2019 an die Beh\u00f6rden [&hellip;]<\/p>\n","protected":false},"author":9,"featured_media":0,"comment_status":"closed","ping_status":"closed","sticky":false,"template":"","format":"standard","meta":[],"categories":[65],"tags":[],"_links":{"self":[{"href":"https:\/\/www.polishscience.pl\/de\/wp-json\/wp\/v2\/posts\/109205"}],"collection":[{"href":"https:\/\/www.polishscience.pl\/de\/wp-json\/wp\/v2\/posts"}],"about":[{"href":"https:\/\/www.polishscience.pl\/de\/wp-json\/wp\/v2\/types\/post"}],"author":[{"embeddable":true,"href":"https:\/\/www.polishscience.pl\/de\/wp-json\/wp\/v2\/users\/9"}],"replies":[{"embeddable":true,"href":"https:\/\/www.polishscience.pl\/de\/wp-json\/wp\/v2\/comments?post=109205"}],"version-history":[{"count":0,"href":"https:\/\/www.polishscience.pl\/de\/wp-json\/wp\/v2\/posts\/109205\/revisions"}],"wp:attachment":[{"href":"https:\/\/www.polishscience.pl\/de\/wp-json\/wp\/v2\/media?parent=109205"}],"wp:term":[{"taxonomy":"category","embeddable":true,"href":"https:\/\/www.polishscience.pl\/de\/wp-json\/wp\/v2\/categories?post=109205"},{"taxonomy":"post_tag","embeddable":true,"href":"https:\/\/www.polishscience.pl\/de\/wp-json\/wp\/v2\/tags?post=109205"}],"curies":[{"name":"wp","href":"https:\/\/api.w.org\/{rel}","templated":true}]}}