{"id":109032,"date":"2020-01-02T15:04:23","date_gmt":"2020-01-02T14:04:23","guid":{"rendered":"http:\/\/polishscience.pl\/?p=109032"},"modified":"2020-01-02T15:04:23","modified_gmt":"2020-01-02T14:04:23","slug":"konferenz-ofta-in-bialowieza","status":"publish","type":"post","link":"https:\/\/www.polishscience.pl\/de\/konferenz-ofta-in-bialowieza\/","title":{"rendered":"Konferenz OFTA in Bia\u0142owie\u017ca"},"content":{"rendered":"<p><strong>Vom 27. bis zum 31. <\/strong><strong>Januar 2020 wird in Bia\u0142owie\u017ca die Konferenz OFTA 2020 \u2013 19th Conference on Optical Fibers and Their Applications stattfinden. <\/strong><\/p>\n<p>Die Konferenz wird dieses Jahr von der Fakult\u00e4t f\u00fcr Elektrik der Technischen Universit\u00e4t Bia\u0142ystok und der Polnischen Gesellschaft f\u00fcr Theoretische und Angewandte Elektrotechnik organisiert. Sie findet unter der Ehrenschirmherrschaft der Polnischen Akademie der Wissenschaften statt. Die st\u00e4ndige wissenschaftliche Schirmherrschaft nimmt die Polnische Fotonische Gesellschaft (Photonics Society of Poland) \u00fcber.<\/p>\n<p>Die Veranstaltung findet zyklisch statt. OFTA wird jedes Jahr in einer der polnischen Forschungseinrichtungen, die sich mit Lichtleitern und photonischen Technologien besch\u00e4ftigen, organisiert. Die Technische Universit\u00e4t Bia\u0142ystok wird schon ein erneutes Mal Gastgeber der Konferenz sein.<\/p>\n<p>Die erste OFTA-Konferenz wurde 1976 organisiert. Im Mittelpunkt der Konferenz stehen die Anwendungen und Fertigungstechnik unterschiedlicher Arten der Lichtleiter. An der Veranstaltung nehmen Wissenschaftler, Vertreter der Industrieunternehmen, Anbieter von Telekommunikationsausr\u00fcstung sowie Telekommunikationsanbieter, die in wachsendem Ma\u00df Lichtwellenleitertechnik implementieren, teil.<\/p>\n","protected":false},"excerpt":{"rendered":"<p>Vom 27. bis zum 31. Januar 2020 wird in Bia\u0142owie\u017ca die Konferenz OFTA 2020 \u2013 19th Conference on Optical Fibers and Their Applications stattfinden. Die Konferenz wird dieses Jahr von der Fakult\u00e4t f\u00fcr Elektrik der Technischen Universit\u00e4t Bia\u0142ystok und der Polnischen Gesellschaft f\u00fcr Theoretische und Angewandte Elektrotechnik organisiert. Sie findet unter der Ehrenschirmherrschaft der Polnischen [&hellip;]<\/p>\n","protected":false},"author":9,"featured_media":0,"comment_status":"closed","ping_status":"closed","sticky":false,"template":"","format":"standard","meta":[],"categories":[58,65],"tags":[],"_links":{"self":[{"href":"https:\/\/www.polishscience.pl\/de\/wp-json\/wp\/v2\/posts\/109032"}],"collection":[{"href":"https:\/\/www.polishscience.pl\/de\/wp-json\/wp\/v2\/posts"}],"about":[{"href":"https:\/\/www.polishscience.pl\/de\/wp-json\/wp\/v2\/types\/post"}],"author":[{"embeddable":true,"href":"https:\/\/www.polishscience.pl\/de\/wp-json\/wp\/v2\/users\/9"}],"replies":[{"embeddable":true,"href":"https:\/\/www.polishscience.pl\/de\/wp-json\/wp\/v2\/comments?post=109032"}],"version-history":[{"count":0,"href":"https:\/\/www.polishscience.pl\/de\/wp-json\/wp\/v2\/posts\/109032\/revisions"}],"wp:attachment":[{"href":"https:\/\/www.polishscience.pl\/de\/wp-json\/wp\/v2\/media?parent=109032"}],"wp:term":[{"taxonomy":"category","embeddable":true,"href":"https:\/\/www.polishscience.pl\/de\/wp-json\/wp\/v2\/categories?post=109032"},{"taxonomy":"post_tag","embeddable":true,"href":"https:\/\/www.polishscience.pl\/de\/wp-json\/wp\/v2\/tags?post=109032"}],"curies":[{"name":"wp","href":"https:\/\/api.w.org\/{rel}","templated":true}]}}