{"id":106111,"date":"2019-12-10T15:22:53","date_gmt":"2019-12-10T14:22:53","guid":{"rendered":"http:\/\/polishscience.pl\/?p=106111"},"modified":"2019-12-10T15:22:53","modified_gmt":"2019-12-10T14:22:53","slug":"seminar-ueber-strategische-konzepte-der-maritimen-sicherheit-polens-in-olsztyn","status":"publish","type":"post","link":"https:\/\/www.polishscience.pl\/de\/seminar-ueber-strategische-konzepte-der-maritimen-sicherheit-polens-in-olsztyn\/","title":{"rendered":"Seminar \u00fcber strategische Konzepte der maritimen Sicherheit Polens in Olsztyn"},"content":{"rendered":"<p><strong>Das Institut f\u00fcr Geschichte und Internationale Beziehungen sowie die Anstalt f\u00fcr Strategische Studien und Armeekunde der Universit\u00e4t Ermland-Masuren Olsztyn laden am 12. Dezember zum wissenschaftlichen Seminar mit dem Titel \u201eStrategische Konzepte der maritimen Sicherheit der Republik Polen\u201c ein.<\/strong><\/p>\n<p>Die Veranstaltung wird um 15.00 Uhr im Saal des Rates der Fakult\u00e4t f\u00fcr Geisteswissenschaften der Universit\u00e4t Ermland-Masuren Olsztyn in K.-Obitz-Stra\u00dfe stattfinden.<\/p>\n<p>Im Rahmen des Seminars sind folgende Vortr\u00e4ge geplant: \u201ePolnische Pr\u00e4senz auf See. Fragen nach der Zukunft der Kriegsmarine und der Meerespolitik des Staates\u201c von Kapit\u00e4n zur See Prof. Dr. habil. Andrzej Dzrzewiecki von der Marineakademie Gdynia, \u201eStrategisches Denken vs. die Zukunft polnischer Meerespolitik und der Kriegsmarine\u201c von. Dr. Grzegorz Ka\u0142a und \u201eInformationskrieg als Instrument zur Einflussnahme auf die polnische Meerespolitik\u201c von Bart\u0142omiej Dzrzewiecki.<\/p>\n","protected":false},"excerpt":{"rendered":"<p>Das Institut f\u00fcr Geschichte und Internationale Beziehungen sowie die Anstalt f\u00fcr Strategische Studien und Armeekunde der Universit\u00e4t Ermland-Masuren Olsztyn laden am 12. Dezember zum wissenschaftlichen Seminar mit dem Titel \u201eStrategische Konzepte der maritimen Sicherheit der Republik Polen\u201c ein. Die Veranstaltung wird um 15.00 Uhr im Saal des Rates der Fakult\u00e4t f\u00fcr Geisteswissenschaften der Universit\u00e4t Ermland-Masuren [&hellip;]<\/p>\n","protected":false},"author":9,"featured_media":0,"comment_status":"closed","ping_status":"closed","sticky":false,"template":"","format":"standard","meta":[],"categories":[65],"tags":[],"_links":{"self":[{"href":"https:\/\/www.polishscience.pl\/de\/wp-json\/wp\/v2\/posts\/106111"}],"collection":[{"href":"https:\/\/www.polishscience.pl\/de\/wp-json\/wp\/v2\/posts"}],"about":[{"href":"https:\/\/www.polishscience.pl\/de\/wp-json\/wp\/v2\/types\/post"}],"author":[{"embeddable":true,"href":"https:\/\/www.polishscience.pl\/de\/wp-json\/wp\/v2\/users\/9"}],"replies":[{"embeddable":true,"href":"https:\/\/www.polishscience.pl\/de\/wp-json\/wp\/v2\/comments?post=106111"}],"version-history":[{"count":0,"href":"https:\/\/www.polishscience.pl\/de\/wp-json\/wp\/v2\/posts\/106111\/revisions"}],"wp:attachment":[{"href":"https:\/\/www.polishscience.pl\/de\/wp-json\/wp\/v2\/media?parent=106111"}],"wp:term":[{"taxonomy":"category","embeddable":true,"href":"https:\/\/www.polishscience.pl\/de\/wp-json\/wp\/v2\/categories?post=106111"},{"taxonomy":"post_tag","embeddable":true,"href":"https:\/\/www.polishscience.pl\/de\/wp-json\/wp\/v2\/tags?post=106111"}],"curies":[{"name":"wp","href":"https:\/\/api.w.org\/{rel}","templated":true}]}}