{"id":105811,"date":"2019-12-09T16:24:06","date_gmt":"2019-12-09T15:24:06","guid":{"rendered":"http:\/\/polishscience.pl\/?p=105811"},"modified":"2019-12-09T16:24:06","modified_gmt":"2019-12-09T15:24:06","slug":"prorektor-der-jagiellonen-universitaet-hat-sich-mit-der-eu-kommissarin-fuer-innovation-und-jugend-getroffen","status":"publish","type":"post","link":"https:\/\/www.polishscience.pl\/de\/prorektor-der-jagiellonen-universitaet-hat-sich-mit-der-eu-kommissarin-fuer-innovation-und-jugend-getroffen\/","title":{"rendered":"Prorektor der Jagiellonen-Universit\u00e4t hat sich mit der EU-Kommissarin f\u00fcr Innovation und Jugend getroffen"},"content":{"rendered":"<p><strong>Prof. Stanis\u0142aw Kistryn \u2013 Prorektor der Jagiellonen-Universit\u00e4t Krakau f\u00fcr Forschung und Strukturfonds, hat sich in Br\u00fcssel mit der Kommissarin Marija Gabriel getroffen und an der Debatte \u201eNeue Vision des europ\u00e4ischen Hochschulbildungssektors\u201c teilgenommen.<\/strong><\/p>\n<p>Marija Gabriel ist Mitglied der Europ\u00e4ischen Kommission, die seit dem 1. Dezember die Funktion der \u00a0EU-Kommissarin f\u00fcr Innovation und Jugend aus\u00fcbt. Sie ist auch f\u00fcr den Sektor der wissenschaftlichen Forschung und Hochschulbildung zust\u00e4ndig. Prorektor der Jagiellonen-Universit\u00e4t Prof. Kistryn ist auch Mitbegr\u00fcnder des Netzwerkes The Guild of European Research &#8211; Intensive Universities und Vertreter der Vereinigung Europ\u00e4ischer Universit\u00e4ten UNA Europa.<\/p>\n<p>W\u00e4hrend des Treffens hat man \u00fcber die Initiativen der Europ\u00e4ischen Universit\u00e4ten, die Probleme der Unterschiede in der Teilnehme der EU-15-L\u00e4ndern und EU-13-L\u00e4ndern an Programmen Horizon 2020 und Perspektiven der Verringerung dieser Unterschiede im Programm Horizon Europe gesprochen \u2013 teilt die Jagiellonen-Universit\u00e4t mit.<\/p>\n<p>Man hat auch \u00fcber die Finanzierung der Forschung aus europ\u00e4ischen und nationalen Fonds sowie Initiativen, die internationale Zusammenarbeit mit den Nicht-EU-L\u00e4ndern f\u00f6rdern, debattiert.<\/p>\n","protected":false},"excerpt":{"rendered":"<p>Prof. Stanis\u0142aw Kistryn \u2013 Prorektor der Jagiellonen-Universit\u00e4t Krakau f\u00fcr Forschung und Strukturfonds, hat sich in Br\u00fcssel mit der Kommissarin Marija Gabriel getroffen und an der Debatte \u201eNeue Vision des europ\u00e4ischen Hochschulbildungssektors\u201c teilgenommen. Marija Gabriel ist Mitglied der Europ\u00e4ischen Kommission, die seit dem 1. Dezember die Funktion der \u00a0EU-Kommissarin f\u00fcr Innovation und Jugend aus\u00fcbt. Sie ist [&hellip;]<\/p>\n","protected":false},"author":9,"featured_media":0,"comment_status":"closed","ping_status":"closed","sticky":false,"template":"","format":"standard","meta":[],"categories":[59],"tags":[],"_links":{"self":[{"href":"https:\/\/www.polishscience.pl\/de\/wp-json\/wp\/v2\/posts\/105811"}],"collection":[{"href":"https:\/\/www.polishscience.pl\/de\/wp-json\/wp\/v2\/posts"}],"about":[{"href":"https:\/\/www.polishscience.pl\/de\/wp-json\/wp\/v2\/types\/post"}],"author":[{"embeddable":true,"href":"https:\/\/www.polishscience.pl\/de\/wp-json\/wp\/v2\/users\/9"}],"replies":[{"embeddable":true,"href":"https:\/\/www.polishscience.pl\/de\/wp-json\/wp\/v2\/comments?post=105811"}],"version-history":[{"count":0,"href":"https:\/\/www.polishscience.pl\/de\/wp-json\/wp\/v2\/posts\/105811\/revisions"}],"wp:attachment":[{"href":"https:\/\/www.polishscience.pl\/de\/wp-json\/wp\/v2\/media?parent=105811"}],"wp:term":[{"taxonomy":"category","embeddable":true,"href":"https:\/\/www.polishscience.pl\/de\/wp-json\/wp\/v2\/categories?post=105811"},{"taxonomy":"post_tag","embeddable":true,"href":"https:\/\/www.polishscience.pl\/de\/wp-json\/wp\/v2\/tags?post=105811"}],"curies":[{"name":"wp","href":"https:\/\/api.w.org\/{rel}","templated":true}]}}