{"id":105592,"date":"2019-12-06T14:20:08","date_gmt":"2019-12-06T13:20:08","guid":{"rendered":"http:\/\/polishscience.pl\/?p=105592"},"modified":"2019-12-06T14:20:08","modified_gmt":"2019-12-06T13:20:08","slug":"eroeffnung-des-programms-catedra-mexico-an-der-universitaet-warschau","status":"publish","type":"post","link":"https:\/\/www.polishscience.pl\/de\/eroeffnung-des-programms-catedra-mexico-an-der-universitaet-warschau\/","title":{"rendered":"Er\u00f6ffnung des Programms \u201eC\u00e1tedra M\u00e9xico\u201d an der Universit\u00e4t Warschau"},"content":{"rendered":"<p><strong>An der Universit\u00e4t Warschau wurde das Programm <\/strong><strong>\u201eC\u00e1tedra M\u00e9xico\u201d er\u00f6ffnet. Dies ist eine Reihe von Vortr\u00e4gen, die von mexikanischen Wissenschaftlern gehalten werden. Dieses Jahr wird die Vortr\u00e4ge Physiker Dr. Mauro Napsuciale Mend\u00edvil halten. <\/strong><\/p>\n<p>Dr. Mauro Napsuciale Mend\u00edvil ist Dekan der Fakultat f\u00fcr Physik an der Universit\u00e4t Guanajuato. W\u00e4hrend der Er\u00f6ffnung des Programms hat er den Vortrag \u201eDark Matter: Facts And Myths\u201d gehalten. An der Veranstaltung hat der mexikanische Botschafter in Polen, Alejandro Negr\u00edn teilgenommen.<\/p>\n<p>Das Programm \u201eC\u00e1tedra M\u00e9xico\u201d umfasst vor allem die Vortr\u00e4ge f\u00fcr Studierende, ist aber auch eine Gelegenheit zur Zusammenarbeit polnischer und mexikanischer Wissenschaftler, die sowohl Geistes- und Sozialwissenschaften als auch Natur- und Biowissenschaften vertreten.<\/p>\n<p>Das Programm wird in der Zusammenarbeit mit dem Au\u00dfenministerium Mexikos durchgef\u00fchrt.<\/p>\n","protected":false},"excerpt":{"rendered":"<p>An der Universit\u00e4t Warschau wurde das Programm \u201eC\u00e1tedra M\u00e9xico\u201d er\u00f6ffnet. Dies ist eine Reihe von Vortr\u00e4gen, die von mexikanischen Wissenschaftlern gehalten werden. Dieses Jahr wird die Vortr\u00e4ge Physiker Dr. Mauro Napsuciale Mend\u00edvil halten. Dr. Mauro Napsuciale Mend\u00edvil ist Dekan der Fakultat f\u00fcr Physik an der Universit\u00e4t Guanajuato. W\u00e4hrend der Er\u00f6ffnung des Programms hat er den [&hellip;]<\/p>\n","protected":false},"author":9,"featured_media":0,"comment_status":"closed","ping_status":"closed","sticky":false,"template":"","format":"standard","meta":[],"categories":[59,65],"tags":[],"_links":{"self":[{"href":"https:\/\/www.polishscience.pl\/de\/wp-json\/wp\/v2\/posts\/105592"}],"collection":[{"href":"https:\/\/www.polishscience.pl\/de\/wp-json\/wp\/v2\/posts"}],"about":[{"href":"https:\/\/www.polishscience.pl\/de\/wp-json\/wp\/v2\/types\/post"}],"author":[{"embeddable":true,"href":"https:\/\/www.polishscience.pl\/de\/wp-json\/wp\/v2\/users\/9"}],"replies":[{"embeddable":true,"href":"https:\/\/www.polishscience.pl\/de\/wp-json\/wp\/v2\/comments?post=105592"}],"version-history":[{"count":0,"href":"https:\/\/www.polishscience.pl\/de\/wp-json\/wp\/v2\/posts\/105592\/revisions"}],"wp:attachment":[{"href":"https:\/\/www.polishscience.pl\/de\/wp-json\/wp\/v2\/media?parent=105592"}],"wp:term":[{"taxonomy":"category","embeddable":true,"href":"https:\/\/www.polishscience.pl\/de\/wp-json\/wp\/v2\/categories?post=105592"},{"taxonomy":"post_tag","embeddable":true,"href":"https:\/\/www.polishscience.pl\/de\/wp-json\/wp\/v2\/tags?post=105592"}],"curies":[{"name":"wp","href":"https:\/\/api.w.org\/{rel}","templated":true}]}}