{"id":105588,"date":"2019-12-06T14:20:04","date_gmt":"2019-12-06T13:20:04","guid":{"rendered":"http:\/\/polishscience.pl\/?p=105588"},"modified":"2019-12-06T14:20:04","modified_gmt":"2019-12-06T13:20:04","slug":"peruanischer-tag-an-der-katholischen-universitaet-lublin-2","status":"publish","type":"post","link":"https:\/\/www.polishscience.pl\/de\/peruanischer-tag-an-der-katholischen-universitaet-lublin-2\/","title":{"rendered":"Peruanischer Tag an der Katholischen Universit\u00e4t Lublin"},"content":{"rendered":"<p><strong>Der Lehrstuhl f\u00fcr Spanische Welt, Politik und Internationale Beziehungen der Katholischen Universit\u00e4t Lublin (KUL), der Spanisch-polnische Studienkreis von der KUL, Peruanischer Ehrenkonsul in Lublin und Mittelmeer-Lyzeum in Lublin laden zum \u201ePeruanischen Tag\u201c, der am 12. Dezember 2019 im Zentrum f\u00fcr Wissenstransfer Lublin stattfinden wird, ein.<\/strong><\/p>\n<p>Die Veranstaltung wird mit dem Auftritt von Alberto Salas Barahona, peruanischem Botschafter in Polen beginnen. Danach ist ein Vortrag \u00fcber Peru, polnisch-peruanische Beziehungen und spanische Sprache geplant.<\/p>\n<p>Die Hispanistikstudierenden von der Katholischen Universit\u00e4t Lublin werden u.a. \u00fcber die spanische Sprache in Amerika erz\u00e4hlen und \u201ePeruanisches Abc\u201c pr\u00e4sentieren. Dr. Maciej Karkut vom Lehrstuhl f\u00fcr Spanische Welt wird dagegen \u00fcber eigene \u201eErinnerungen von der transatlantischen Reise\u201c erz\u00e4hlen. Pater Walter Corsini wird einen Vertrag mit dem Titel \u201eMissionar aus Europa unter peruanischen Indianern\u201c halten.<\/p>\n<p>Die Veranstaltung wird mit einem Wissenswettbewerb \u00fcber Peru f\u00fcr Sch\u00fcler der Sekundarstufe enden.<\/p>\n","protected":false},"excerpt":{"rendered":"<p>Der Lehrstuhl f\u00fcr Spanische Welt, Politik und Internationale Beziehungen der Katholischen Universit\u00e4t Lublin (KUL), der Spanisch-polnische Studienkreis von der KUL, Peruanischer Ehrenkonsul in Lublin und Mittelmeer-Lyzeum in Lublin laden zum \u201ePeruanischen Tag\u201c, der am 12. Dezember 2019 im Zentrum f\u00fcr Wissenstransfer Lublin stattfinden wird, ein. Die Veranstaltung wird mit dem Auftritt von Alberto Salas Barahona, [&hellip;]<\/p>\n","protected":false},"author":9,"featured_media":0,"comment_status":"closed","ping_status":"closed","sticky":false,"template":"","format":"standard","meta":[],"categories":[65],"tags":[],"_links":{"self":[{"href":"https:\/\/www.polishscience.pl\/de\/wp-json\/wp\/v2\/posts\/105588"}],"collection":[{"href":"https:\/\/www.polishscience.pl\/de\/wp-json\/wp\/v2\/posts"}],"about":[{"href":"https:\/\/www.polishscience.pl\/de\/wp-json\/wp\/v2\/types\/post"}],"author":[{"embeddable":true,"href":"https:\/\/www.polishscience.pl\/de\/wp-json\/wp\/v2\/users\/9"}],"replies":[{"embeddable":true,"href":"https:\/\/www.polishscience.pl\/de\/wp-json\/wp\/v2\/comments?post=105588"}],"version-history":[{"count":0,"href":"https:\/\/www.polishscience.pl\/de\/wp-json\/wp\/v2\/posts\/105588\/revisions"}],"wp:attachment":[{"href":"https:\/\/www.polishscience.pl\/de\/wp-json\/wp\/v2\/media?parent=105588"}],"wp:term":[{"taxonomy":"category","embeddable":true,"href":"https:\/\/www.polishscience.pl\/de\/wp-json\/wp\/v2\/categories?post=105588"},{"taxonomy":"post_tag","embeddable":true,"href":"https:\/\/www.polishscience.pl\/de\/wp-json\/wp\/v2\/tags?post=105588"}],"curies":[{"name":"wp","href":"https:\/\/api.w.org\/{rel}","templated":true}]}}