{"id":104710,"date":"2019-12-02T16:13:14","date_gmt":"2019-12-02T15:13:14","guid":{"rendered":"http:\/\/polishscience.pl\/?p=104710"},"modified":"2019-12-02T16:13:14","modified_gmt":"2019-12-02T15:13:14","slug":"universitaet-danzig-wird-zugaenglicher-fuer-personen-mit-behinderungen-sein","status":"publish","type":"post","link":"https:\/\/www.polishscience.pl\/de\/universitaet-danzig-wird-zugaenglicher-fuer-personen-mit-behinderungen-sein\/","title":{"rendered":"Universit\u00e4t Danzig wird zug\u00e4nglicher f\u00fcr Personen mit Behinderungen sein"},"content":{"rendered":"<p><strong>Die Universit\u00e4t Danzig wird das Projekt \u201eZug\u00e4ngliche Universit\u00e4t Danzig\u201c \u2013 komplexes Programm der Beseitigung von Hindernissen im Zugang zu der Ausbildung f\u00fcr Personen mit Behinderungen \u2013 durchf\u00fchren. Das Projekt wird vom Nationalen Zentrum f\u00fcr Forschung und Entwicklung im Rahmen des Operationellen Programms Wissen Ausbildung Entwicklung gef\u00f6rdert \u2013 teilt die Universit\u00e4t mit.<\/strong><\/p>\n<p>Das wichtigste Ziel des Projekts ist die Verbesserung der Zug\u00e4nglichkeit der Universit\u00e4t Danzig f\u00fcr Studierende mit Behinderungen durch die Einf\u00fchrung eines komplexen Programms, das in den organisatorischen, architektonischen, technologischen und Ver\u00e4nderungen in der Bildung sowie der Organisation von Schulungen, welche die Kompetenzen im Bereich der Arbeit mit Personen mit Behinderungen verbessern sollen, bestehen wird.<\/p>\n<p>Im Rahmen des Projekts hat man u.a. den Bau eines externen Personenaufzugs sowie die Entwicklung eines professionellen Kennzeichnungssystems des Universit\u00e4tscampus, den Umbau der Internetseite des B\u00fcros f\u00fcr Personen mit Behinderungen, den Erwerb einer Spezialausr\u00fcstung sowie die Anpassung der Internetportale und der E-Learning-Schulungen an die Bed\u00fcrfnisse der Personen mit Behinderungen geplant.<\/p>\n<p>Mehr: <a href=\"https:\/\/ug.edu.pl\/media\/aktualnosci\/92312\/dostepny_ug_-_kompleksowy_program_likwidacji_barier_w_dostepie_do_ksztalcenia_dla_osob_z_niepelnosprawnosciami_-_piate_miejsce_na_liscie_rankingowej\">https:\/\/ug.edu.pl\/media\/aktualnosci\/92312\/dostepny_ug_-_kompleksowy_program_likwidacji_barier_w_dostepie_do_ksztalcenia_dla_osob_z_niepelnosprawnosciami_-_piate_miejsce_na_liscie_rankingowej<\/a><\/p>\n","protected":false},"excerpt":{"rendered":"<p>Die Universit\u00e4t Danzig wird das Projekt \u201eZug\u00e4ngliche Universit\u00e4t Danzig\u201c \u2013 komplexes Programm der Beseitigung von Hindernissen im Zugang zu der Ausbildung f\u00fcr Personen mit Behinderungen \u2013 durchf\u00fchren. Das Projekt wird vom Nationalen Zentrum f\u00fcr Forschung und Entwicklung im Rahmen des Operationellen Programms Wissen Ausbildung Entwicklung gef\u00f6rdert \u2013 teilt die Universit\u00e4t mit. Das wichtigste Ziel des [&hellip;]<\/p>\n","protected":false},"author":9,"featured_media":0,"comment_status":"closed","ping_status":"closed","sticky":false,"template":"","format":"standard","meta":[],"categories":[59],"tags":[],"_links":{"self":[{"href":"https:\/\/www.polishscience.pl\/de\/wp-json\/wp\/v2\/posts\/104710"}],"collection":[{"href":"https:\/\/www.polishscience.pl\/de\/wp-json\/wp\/v2\/posts"}],"about":[{"href":"https:\/\/www.polishscience.pl\/de\/wp-json\/wp\/v2\/types\/post"}],"author":[{"embeddable":true,"href":"https:\/\/www.polishscience.pl\/de\/wp-json\/wp\/v2\/users\/9"}],"replies":[{"embeddable":true,"href":"https:\/\/www.polishscience.pl\/de\/wp-json\/wp\/v2\/comments?post=104710"}],"version-history":[{"count":0,"href":"https:\/\/www.polishscience.pl\/de\/wp-json\/wp\/v2\/posts\/104710\/revisions"}],"wp:attachment":[{"href":"https:\/\/www.polishscience.pl\/de\/wp-json\/wp\/v2\/media?parent=104710"}],"wp:term":[{"taxonomy":"category","embeddable":true,"href":"https:\/\/www.polishscience.pl\/de\/wp-json\/wp\/v2\/categories?post=104710"},{"taxonomy":"post_tag","embeddable":true,"href":"https:\/\/www.polishscience.pl\/de\/wp-json\/wp\/v2\/tags?post=104710"}],"curies":[{"name":"wp","href":"https:\/\/api.w.org\/{rel}","templated":true}]}}