{"id":104701,"date":"2019-12-02T16:58:16","date_gmt":"2019-12-02T15:58:16","guid":{"rendered":"http:\/\/polishscience.pl\/?p=104701"},"modified":"2019-12-02T16:58:16","modified_gmt":"2019-12-02T15:58:16","slug":"wissenschaftliche-konferenz-albert-einstein-und-struktur-des-universums","status":"publish","type":"post","link":"https:\/\/www.polishscience.pl\/de\/wissenschaftliche-konferenz-albert-einstein-und-struktur-des-universums\/","title":{"rendered":"Wissenschaftliche Konferenz \u201eAlbert Einstein und Struktur des Universums\u201c"},"content":{"rendered":"<p><strong>Der Lehrstuhl f\u00fcr Naturphilosophie der P\u00e4pstliche Universit\u00e4t Johannes Paul II. in Krakau organisiert vom 4. bis zum 5. Dezember 2019 eine wissenschaftliche Konferenz mit dem Titel \u201eAlbert Einstein und Struktur des Universums\u201c. <\/strong><\/p>\n<p>Die Organisatoren wollen eine Gelegenheit zum Treffen der Studierenden, Magisterkandidaten und Doktoranden von philosophischen Fakult\u00e4ten sowie Fakult\u00e4ten f\u00fcr Naturwissenschaften, deren Forschung die Gedanken von Albert Einstein und die breit verstanden Struktur des uns umgebenden Universums betrifft, schaffen.<\/p>\n<p>Die Konferenz soll f\u00fcr ihre Teilnehmer eine M\u00f6glichkeit sein, die im Rahmen der Magister-, Bachelor- oder Promotionsarbeiten aus dem Bereich der Naturphilosophie und der Naturwissenschaften durchgef\u00fchrte Forschung zu pr\u00e4sentieren.<\/p>\n<p>Die Konferenz wird in der Aula der Fakult\u00e4t f\u00fcr Philosophie der P\u00e4pstlichen Universit\u00e4t Johannes Paul II. in Krakau in Bernardy\u0144ska-Stra\u00dfe 3 stattfinden.<\/p>\n","protected":false},"excerpt":{"rendered":"<p>Der Lehrstuhl f\u00fcr Naturphilosophie der P\u00e4pstliche Universit\u00e4t Johannes Paul II. in Krakau organisiert vom 4. bis zum 5. Dezember 2019 eine wissenschaftliche Konferenz mit dem Titel \u201eAlbert Einstein und Struktur des Universums\u201c. Die Organisatoren wollen eine Gelegenheit zum Treffen der Studierenden, Magisterkandidaten und Doktoranden von philosophischen Fakult\u00e4ten sowie Fakult\u00e4ten f\u00fcr Naturwissenschaften, deren Forschung die Gedanken [&hellip;]<\/p>\n","protected":false},"author":9,"featured_media":0,"comment_status":"closed","ping_status":"closed","sticky":false,"template":"","format":"standard","meta":[],"categories":[65],"tags":[],"_links":{"self":[{"href":"https:\/\/www.polishscience.pl\/de\/wp-json\/wp\/v2\/posts\/104701"}],"collection":[{"href":"https:\/\/www.polishscience.pl\/de\/wp-json\/wp\/v2\/posts"}],"about":[{"href":"https:\/\/www.polishscience.pl\/de\/wp-json\/wp\/v2\/types\/post"}],"author":[{"embeddable":true,"href":"https:\/\/www.polishscience.pl\/de\/wp-json\/wp\/v2\/users\/9"}],"replies":[{"embeddable":true,"href":"https:\/\/www.polishscience.pl\/de\/wp-json\/wp\/v2\/comments?post=104701"}],"version-history":[{"count":0,"href":"https:\/\/www.polishscience.pl\/de\/wp-json\/wp\/v2\/posts\/104701\/revisions"}],"wp:attachment":[{"href":"https:\/\/www.polishscience.pl\/de\/wp-json\/wp\/v2\/media?parent=104701"}],"wp:term":[{"taxonomy":"category","embeddable":true,"href":"https:\/\/www.polishscience.pl\/de\/wp-json\/wp\/v2\/categories?post=104701"},{"taxonomy":"post_tag","embeddable":true,"href":"https:\/\/www.polishscience.pl\/de\/wp-json\/wp\/v2\/tags?post=104701"}],"curies":[{"name":"wp","href":"https:\/\/api.w.org\/{rel}","templated":true}]}}