{"id":104419,"date":"2019-11-29T13:22:36","date_gmt":"2019-11-29T12:22:36","guid":{"rendered":"http:\/\/polishscience.pl\/?p=104419"},"modified":"2019-11-29T13:22:36","modified_gmt":"2019-11-29T12:22:36","slug":"kardinal-stefan-wyszynski-universitaet-intensiviert-die-zusammenarbeit-mit-der-medizinischen-universitaet-lublin","status":"publish","type":"post","link":"https:\/\/www.polishscience.pl\/de\/kardinal-stefan-wyszynski-universitaet-intensiviert-die-zusammenarbeit-mit-der-medizinischen-universitaet-lublin\/","title":{"rendered":"Kardinal-Stefan-Wyszy\u0144ski-Universit\u00e4t intensiviert die Zusammenarbeit mit der Medizinischen Universit\u00e4t Lublin"},"content":{"rendered":"<p><strong>\u00dcber die Telemedizin und die Zusammenarbeit der Kardinal-Stefan-Wyszy\u0144ski-Universit\u00e4t Warschau mit der Medizinischen Universit\u00e4t Lublin hat in der TV-Sendung \u201eDies betrifft uns nicht\u201c im Polnischen Fernsehen, Abteilung Lublin Pf. Prof. Stanis\u0142aw Dzieko\u0144ski, Rektor der Kardinal-Stefan-Wyszy\u0144ski-Universit\u00e4t gesprochen.<\/strong><\/p>\n<p>Die Entwicklung der Zivilisation ist unabwendbar und die Ver\u00e4nderungen, die mit sich die Zivilisation bringt, k\u00f6nnen von denen genutzt werden, die andere heilen \u2013 hat Pf. Prof. Dzieko\u0144ski festgestellt.<\/p>\n<p>Zu der Zusammenarbeit zwischen der Kardinal-Stefan-Wyszy\u0144ski-Universit\u00e4t Warschau und der Medizinischen Universit\u00e4t Lublin hat Prof. Dzieko\u0144ski gesagt, dass sie auf mehreren Ebenen durchgef\u00fchrt wird.<\/p>\n<p>Nun soll sie auch den Forschungsbereich betreffen. Wir wollen mit der Medizinischen Universit\u00e4t Lublin neue Qualit\u00e4t schaffen, die die finanzielle Lage des Gesundheitssystem in Polen verbessern wird und gleichzeitig \u00c4rzte an Patienten n\u00e4her bringen wird \u2013 hat der Rektor der Kardinal-Stefan-Wyszy\u0144ski-Universit\u00e4t festgestellt.<\/p>\n","protected":false},"excerpt":{"rendered":"<p>\u00dcber die Telemedizin und die Zusammenarbeit der Kardinal-Stefan-Wyszy\u0144ski-Universit\u00e4t Warschau mit der Medizinischen Universit\u00e4t Lublin hat in der TV-Sendung \u201eDies betrifft uns nicht\u201c im Polnischen Fernsehen, Abteilung Lublin Pf. Prof. Stanis\u0142aw Dzieko\u0144ski, Rektor der Kardinal-Stefan-Wyszy\u0144ski-Universit\u00e4t gesprochen. Die Entwicklung der Zivilisation ist unabwendbar und die Ver\u00e4nderungen, die mit sich die Zivilisation bringt, k\u00f6nnen von denen genutzt werden, [&hellip;]<\/p>\n","protected":false},"author":9,"featured_media":0,"comment_status":"closed","ping_status":"closed","sticky":false,"template":"","format":"standard","meta":[],"categories":[59],"tags":[],"_links":{"self":[{"href":"https:\/\/www.polishscience.pl\/de\/wp-json\/wp\/v2\/posts\/104419"}],"collection":[{"href":"https:\/\/www.polishscience.pl\/de\/wp-json\/wp\/v2\/posts"}],"about":[{"href":"https:\/\/www.polishscience.pl\/de\/wp-json\/wp\/v2\/types\/post"}],"author":[{"embeddable":true,"href":"https:\/\/www.polishscience.pl\/de\/wp-json\/wp\/v2\/users\/9"}],"replies":[{"embeddable":true,"href":"https:\/\/www.polishscience.pl\/de\/wp-json\/wp\/v2\/comments?post=104419"}],"version-history":[{"count":0,"href":"https:\/\/www.polishscience.pl\/de\/wp-json\/wp\/v2\/posts\/104419\/revisions"}],"wp:attachment":[{"href":"https:\/\/www.polishscience.pl\/de\/wp-json\/wp\/v2\/media?parent=104419"}],"wp:term":[{"taxonomy":"category","embeddable":true,"href":"https:\/\/www.polishscience.pl\/de\/wp-json\/wp\/v2\/categories?post=104419"},{"taxonomy":"post_tag","embeddable":true,"href":"https:\/\/www.polishscience.pl\/de\/wp-json\/wp\/v2\/tags?post=104419"}],"curies":[{"name":"wp","href":"https:\/\/api.w.org\/{rel}","templated":true}]}}