{"id":103575,"date":"2019-11-25T15:12:10","date_gmt":"2019-11-25T14:12:10","guid":{"rendered":"http:\/\/polishscience.pl\/?p=103575"},"modified":"2019-11-25T15:12:10","modified_gmt":"2019-11-25T14:12:10","slug":"in-chelm-entsteht-neuer-sitz-des-instituts-fuer-medizinische-wissenschaften-der-staatlichen-fachhochschule","status":"publish","type":"post","link":"https:\/\/www.polishscience.pl\/de\/in-chelm-entsteht-neuer-sitz-des-instituts-fuer-medizinische-wissenschaften-der-staatlichen-fachhochschule\/","title":{"rendered":"In Che\u0142m entsteht neuer Sitz des Instituts f\u00fcr Medizinische Wissenschaften der Staatlichen Fachhochschule"},"content":{"rendered":"<p><strong>Die Staatliche Fachhochschule Che\u0142m hat schon das anf\u00e4ngliche architektonische Konzept sowie den Entwurf der ganzen Investition des neuen Geb\u00e4udes des Instituts f\u00fcr Medizinische Wissenschaften \u2013 teilt die Zeitung \u201eKurier Lubelski\u201c mit.<\/strong><\/p>\n<p>Wir m\u00f6chten uns mit der ersten durchgef\u00fchrten Phase der Arbeiten an dem neuen Geb\u00e4ude des Instituts f\u00fcr Medizinische Wissenschaften prahlen \u2013 hat Prof. Dr. habil. Ing. Arkadiusz Teofil, Rektor der Staatlichen Fachhochschule Che\u0142m w\u00e4hrend einer Pressekonferenz gesagt.<\/p>\n<p>Der Rektor hat mittgeteilt, dass wenn es um die Arbeiten an dieser Investition, die eine der gr\u00f6\u00dften ist, geht, sollen bald die Vorbereitung technischer Dokumentation sowie die genauen Bauarbeiten beginnen.<\/p>\n<p>Dies ist eine Investition, die neue Bedingungen f\u00fcr die Entwicklung der Ausbildung im Bereich der medizinischen Wissenschaften in Che\u0142m schaffen soll. Das neue Institut wird auf einem Gel\u00e4nde entstehen, das lange Zeit unbebaut war \u2013 f\u00fcgte Prof. Teofil hinzu.<\/p>\n","protected":false},"excerpt":{"rendered":"<p>Die Staatliche Fachhochschule Che\u0142m hat schon das anf\u00e4ngliche architektonische Konzept sowie den Entwurf der ganzen Investition des neuen Geb\u00e4udes des Instituts f\u00fcr Medizinische Wissenschaften \u2013 teilt die Zeitung \u201eKurier Lubelski\u201c mit. Wir m\u00f6chten uns mit der ersten durchgef\u00fchrten Phase der Arbeiten an dem neuen Geb\u00e4ude des Instituts f\u00fcr Medizinische Wissenschaften prahlen \u2013 hat Prof. Dr. [&hellip;]<\/p>\n","protected":false},"author":9,"featured_media":0,"comment_status":"closed","ping_status":"closed","sticky":false,"template":"","format":"standard","meta":[],"categories":[59,63],"tags":[],"_links":{"self":[{"href":"https:\/\/www.polishscience.pl\/de\/wp-json\/wp\/v2\/posts\/103575"}],"collection":[{"href":"https:\/\/www.polishscience.pl\/de\/wp-json\/wp\/v2\/posts"}],"about":[{"href":"https:\/\/www.polishscience.pl\/de\/wp-json\/wp\/v2\/types\/post"}],"author":[{"embeddable":true,"href":"https:\/\/www.polishscience.pl\/de\/wp-json\/wp\/v2\/users\/9"}],"replies":[{"embeddable":true,"href":"https:\/\/www.polishscience.pl\/de\/wp-json\/wp\/v2\/comments?post=103575"}],"version-history":[{"count":0,"href":"https:\/\/www.polishscience.pl\/de\/wp-json\/wp\/v2\/posts\/103575\/revisions"}],"wp:attachment":[{"href":"https:\/\/www.polishscience.pl\/de\/wp-json\/wp\/v2\/media?parent=103575"}],"wp:term":[{"taxonomy":"category","embeddable":true,"href":"https:\/\/www.polishscience.pl\/de\/wp-json\/wp\/v2\/categories?post=103575"},{"taxonomy":"post_tag","embeddable":true,"href":"https:\/\/www.polishscience.pl\/de\/wp-json\/wp\/v2\/tags?post=103575"}],"curies":[{"name":"wp","href":"https:\/\/api.w.org\/{rel}","templated":true}]}}