{"id":102717,"date":"2019-11-19T14:55:59","date_gmt":"2019-11-19T13:55:59","guid":{"rendered":"http:\/\/polishscience.pl\/?p=102717"},"modified":"2019-11-19T14:55:59","modified_gmt":"2019-11-19T13:55:59","slug":"reihe-von-vertraegen-aus-dem-bereich-der-geisteswissenschaften-an-der-universitaet-rzeszow","status":"publish","type":"post","link":"https:\/\/www.polishscience.pl\/de\/reihe-von-vertraegen-aus-dem-bereich-der-geisteswissenschaften-an-der-universitaet-rzeszow\/","title":{"rendered":"Reihe von Vertr\u00e4gen aus dem Bereich der Geisteswissenschaften an der Universit\u00e4t Rzesz\u00f3w"},"content":{"rendered":"<p><strong>Die Universit\u00e4t Rzesz\u00f3w l\u00e4dt zu einer Reihe von Vortr\u00e4gen aus dem Bereich der Geschichte, Arch\u00e4ologie, Kultur, Literatur und Sprache, Philosophie und Kunst ein. <\/strong><\/p>\n<p>Die Reihe von Vortr\u00e4gen aus dem Bereich der breit verstandenen Geisteswissenschaften wird vom Institut f\u00fcr Geschichte in der Zusammenarbeit mit den Instituten f\u00fcr Arch\u00e4ologie, Philosophie, Polonistik und Journalismus sowie f\u00fcr Kunst, im Rahmen des Kollegs f\u00fcr Geisteswissenschaften der Universit\u00e4t Rzesz\u00f3w im akademischen Jahr 2019\/2020 organisiert.<\/p>\n<p>Diese Vortr\u00e4ge wecken gro\u00dfe Interesse der Sekundarschulen aus unserer Region. Die Teilnahme am ersten Vortrag haben 525 Teilnehmer best\u00e4tigt \u2013 informiert Dr. Maciej Ulita, Direktor des B\u00fcros des Rektors, Pressesprecherin der Universit\u00e4t Rzesz\u00f3w.<\/p>\n<p>Die feierliche Er\u00f6ffnung der neuen Reihe wird am 21. November 2019 stattfinden. An diesem Tag werden folgende Vortr\u00e4ge stattfinden: \u201eSinn der menschlichen Freiheit\u201c von Dr. habil. Andrzej Niemczuk, Prof. der Universit\u00e4t Rzesz\u00f3w, \u201eFreiheit vs. Menschenrechte\u201c von Dr. habil. Jan Pisuli\u0144ski, Prof. der Universit\u00e4t Rzesz\u00f3w, \u201eMeinungsfreiheit als Zeugnis der Menschenreife\u201c von Dr. habil. Bo\u017cena Taras, Prof. der Universit\u00e4t Rzesz\u00f3w.<\/p>\n","protected":false},"excerpt":{"rendered":"<p>Die Universit\u00e4t Rzesz\u00f3w l\u00e4dt zu einer Reihe von Vortr\u00e4gen aus dem Bereich der Geschichte, Arch\u00e4ologie, Kultur, Literatur und Sprache, Philosophie und Kunst ein. Die Reihe von Vortr\u00e4gen aus dem Bereich der breit verstandenen Geisteswissenschaften wird vom Institut f\u00fcr Geschichte in der Zusammenarbeit mit den Instituten f\u00fcr Arch\u00e4ologie, Philosophie, Polonistik und Journalismus sowie f\u00fcr Kunst, im [&hellip;]<\/p>\n","protected":false},"author":9,"featured_media":0,"comment_status":"closed","ping_status":"closed","sticky":false,"template":"","format":"standard","meta":[],"categories":[61,65],"tags":[],"_links":{"self":[{"href":"https:\/\/www.polishscience.pl\/de\/wp-json\/wp\/v2\/posts\/102717"}],"collection":[{"href":"https:\/\/www.polishscience.pl\/de\/wp-json\/wp\/v2\/posts"}],"about":[{"href":"https:\/\/www.polishscience.pl\/de\/wp-json\/wp\/v2\/types\/post"}],"author":[{"embeddable":true,"href":"https:\/\/www.polishscience.pl\/de\/wp-json\/wp\/v2\/users\/9"}],"replies":[{"embeddable":true,"href":"https:\/\/www.polishscience.pl\/de\/wp-json\/wp\/v2\/comments?post=102717"}],"version-history":[{"count":0,"href":"https:\/\/www.polishscience.pl\/de\/wp-json\/wp\/v2\/posts\/102717\/revisions"}],"wp:attachment":[{"href":"https:\/\/www.polishscience.pl\/de\/wp-json\/wp\/v2\/media?parent=102717"}],"wp:term":[{"taxonomy":"category","embeddable":true,"href":"https:\/\/www.polishscience.pl\/de\/wp-json\/wp\/v2\/categories?post=102717"},{"taxonomy":"post_tag","embeddable":true,"href":"https:\/\/www.polishscience.pl\/de\/wp-json\/wp\/v2\/tags?post=102717"}],"curies":[{"name":"wp","href":"https:\/\/api.w.org\/{rel}","templated":true}]}}