{"id":101989,"date":"2019-11-14T14:31:03","date_gmt":"2019-11-14T13:31:03","guid":{"rendered":"http:\/\/polishscience.pl\/?p=101989"},"modified":"2019-11-14T14:31:03","modified_gmt":"2019-11-14T13:31:03","slug":"eroeffnung-des-akademischen-unterstuetzungszentrums-der-universitaet-lodz","status":"publish","type":"post","link":"https:\/\/www.polishscience.pl\/de\/eroeffnung-des-akademischen-unterstuetzungszentrums-der-universitaet-lodz\/","title":{"rendered":"Er\u00f6ffnung des Akademischen Unterst\u00fctzungszentrums der Universit\u00e4t \u0141\u00f3d\u017a"},"content":{"rendered":"<p><strong>Soforthilfe in Krisensituationen, psychologische Konsultationen, Gruppenunterrichte oder Ruhezone \u2013 dies ist nur ein Teil der Unterst\u00fctzung, die im Akademischen Unterst\u00fctzungszentrum Studierende der Universit\u00e4t \u0141\u00f3d\u017a finden k\u00f6nnen \u2013 teilt das Unterst\u00fctzungszentrum der Universit\u00e4t \u0141\u00f3d\u017a mit. <\/strong><\/p>\n<p>Das Ziel des Zentrums wird die Unterst\u00fctzung der Mitglieder der akademischen Gemeinschaft, die aus unterschiedlichen Gr\u00fcnden diese Unterst\u00fctzung brauchen werden.<\/p>\n<p>Die Studierenden der Universit\u00e4t \u0141\u00f3d\u017a werden u.a. einen Unterrichtsraum, Therapie-R\u00e4ume und eine Ruhezone in Anspruch nehmen k\u00f6nnen. Ich pers\u00f6nlich hoffe darauf, dass dies ein Ort sein wird, in dem man nicht nur Probleme l\u00f6sen und Schwierigkeiten bew\u00e4ltigen wird, sondern auch sich treffen, miteinander reden oder gemeinsam schweigen k\u00f6nnen wird \u2013 erkl\u00e4rte Dr. Anna Gutowska, Leiterin des Zentrums.<\/p>\n","protected":false},"excerpt":{"rendered":"<p>Soforthilfe in Krisensituationen, psychologische Konsultationen, Gruppenunterrichte oder Ruhezone \u2013 dies ist nur ein Teil der Unterst\u00fctzung, die im Akademischen Unterst\u00fctzungszentrum Studierende der Universit\u00e4t \u0141\u00f3d\u017a finden k\u00f6nnen \u2013 teilt das Unterst\u00fctzungszentrum der Universit\u00e4t \u0141\u00f3d\u017a mit. Das Ziel des Zentrums wird die Unterst\u00fctzung der Mitglieder der akademischen Gemeinschaft, die aus unterschiedlichen Gr\u00fcnden diese Unterst\u00fctzung brauchen werden. Die [&hellip;]<\/p>\n","protected":false},"author":9,"featured_media":0,"comment_status":"closed","ping_status":"closed","sticky":false,"template":"","format":"standard","meta":[],"categories":[59],"tags":[],"_links":{"self":[{"href":"https:\/\/www.polishscience.pl\/de\/wp-json\/wp\/v2\/posts\/101989"}],"collection":[{"href":"https:\/\/www.polishscience.pl\/de\/wp-json\/wp\/v2\/posts"}],"about":[{"href":"https:\/\/www.polishscience.pl\/de\/wp-json\/wp\/v2\/types\/post"}],"author":[{"embeddable":true,"href":"https:\/\/www.polishscience.pl\/de\/wp-json\/wp\/v2\/users\/9"}],"replies":[{"embeddable":true,"href":"https:\/\/www.polishscience.pl\/de\/wp-json\/wp\/v2\/comments?post=101989"}],"version-history":[{"count":0,"href":"https:\/\/www.polishscience.pl\/de\/wp-json\/wp\/v2\/posts\/101989\/revisions"}],"wp:attachment":[{"href":"https:\/\/www.polishscience.pl\/de\/wp-json\/wp\/v2\/media?parent=101989"}],"wp:term":[{"taxonomy":"category","embeddable":true,"href":"https:\/\/www.polishscience.pl\/de\/wp-json\/wp\/v2\/categories?post=101989"},{"taxonomy":"post_tag","embeddable":true,"href":"https:\/\/www.polishscience.pl\/de\/wp-json\/wp\/v2\/tags?post=101989"}],"curies":[{"name":"wp","href":"https:\/\/api.w.org\/{rel}","templated":true}]}}