{"id":101985,"date":"2019-11-14T16:19:21","date_gmt":"2019-11-14T15:19:21","guid":{"rendered":"http:\/\/polishscience.pl\/?p=101985"},"modified":"2019-11-14T16:19:21","modified_gmt":"2019-11-14T15:19:21","slug":"prof-andrzej-nowak-mit-dem-orden-des-weissen-adlers","status":"publish","type":"post","link":"https:\/\/www.polishscience.pl\/de\/prof-andrzej-nowak-mit-dem-orden-des-weissen-adlers\/","title":{"rendered":"Prof. Andrzej Nowak mit dem Orden des Wei\u00dfen Adlers"},"content":{"rendered":"<p><strong>Prof. Andrzej Nowak, Leiter der Anstalt f\u00fcr Gesichte Osteuropas am Institut f\u00fcr Geschichte der Jagiellonen-Universit\u00e4t Krakau und der Anstalt f\u00fcr Gesichte Osteuropas und Studien \u00fcber Imperien des 19. und 20. Jahrhunderts am Institut f\u00fcr Gesichte der Polnischen Akademie der Wissenschaften, wurde mit dem Orden des Wei\u00dfen Adlers ausgezeichnet.<\/strong><\/p>\n<p>Der Pr\u00e4sident Andrzej Duda hat diese wichtigste polnische Auszeichnung in Anerkennung der Verdienste von Prof. Andrzej Nowak in der Verbreitung des historischen Wissens und F\u00f6rderung der patriotischen Werte, der Leistungen im Bereich der Geistes- und Sozialwissenschaften sowie der Popularisierung der polnischen wissenschaftlichen Gedanke in der Welt verliehen.<\/p>\n<p>Prof. Nowak ist Mitglied des Rates des Jan-Nowak-Jeziora\u0144ski-Kollegs f\u00fcr Osteuropa, der Polnisch-Russischen Kommission f\u00fcr Geschichte, der Mitteleurop\u00e4ischen Kommission sowie der Osteurop\u00e4ischen Polnischen Akademie der Gelehrsamkeit. Seit 2016 ist er auch Mitglied des Kollegiums des Instituts f\u00fcr Nationales Gedenken.<\/p>\n","protected":false},"excerpt":{"rendered":"<p>Prof. Andrzej Nowak, Leiter der Anstalt f\u00fcr Gesichte Osteuropas am Institut f\u00fcr Geschichte der Jagiellonen-Universit\u00e4t Krakau und der Anstalt f\u00fcr Gesichte Osteuropas und Studien \u00fcber Imperien des 19. und 20. Jahrhunderts am Institut f\u00fcr Gesichte der Polnischen Akademie der Wissenschaften, wurde mit dem Orden des Wei\u00dfen Adlers ausgezeichnet. Der Pr\u00e4sident Andrzej Duda hat diese wichtigste [&hellip;]<\/p>\n","protected":false},"author":9,"featured_media":0,"comment_status":"closed","ping_status":"closed","sticky":false,"template":"","format":"standard","meta":[],"categories":[61,65],"tags":[],"_links":{"self":[{"href":"https:\/\/www.polishscience.pl\/de\/wp-json\/wp\/v2\/posts\/101985"}],"collection":[{"href":"https:\/\/www.polishscience.pl\/de\/wp-json\/wp\/v2\/posts"}],"about":[{"href":"https:\/\/www.polishscience.pl\/de\/wp-json\/wp\/v2\/types\/post"}],"author":[{"embeddable":true,"href":"https:\/\/www.polishscience.pl\/de\/wp-json\/wp\/v2\/users\/9"}],"replies":[{"embeddable":true,"href":"https:\/\/www.polishscience.pl\/de\/wp-json\/wp\/v2\/comments?post=101985"}],"version-history":[{"count":0,"href":"https:\/\/www.polishscience.pl\/de\/wp-json\/wp\/v2\/posts\/101985\/revisions"}],"wp:attachment":[{"href":"https:\/\/www.polishscience.pl\/de\/wp-json\/wp\/v2\/media?parent=101985"}],"wp:term":[{"taxonomy":"category","embeddable":true,"href":"https:\/\/www.polishscience.pl\/de\/wp-json\/wp\/v2\/categories?post=101985"},{"taxonomy":"post_tag","embeddable":true,"href":"https:\/\/www.polishscience.pl\/de\/wp-json\/wp\/v2\/tags?post=101985"}],"curies":[{"name":"wp","href":"https:\/\/api.w.org\/{rel}","templated":true}]}}