{"id":101142,"date":"2019-11-07T15:50:02","date_gmt":"2019-11-07T14:50:02","guid":{"rendered":"http:\/\/polishscience.pl\/?p=101142"},"modified":"2019-11-07T15:58:25","modified_gmt":"2019-11-07T14:58:25","slug":"konferenz-ueber-beziehungen-zwischen-politik-und-medien-im-licht-der-wissenschaftlichen-forschung-in-krakau","status":"publish","type":"post","link":"https:\/\/www.polishscience.pl\/de\/konferenz-ueber-beziehungen-zwischen-politik-und-medien-im-licht-der-wissenschaftlichen-forschung-in-krakau\/","title":{"rendered":"Konferenz \u00fcber Beziehungen zwischen Politik und Medien im Licht der wissenschaftlichen Forschung in Krakau"},"content":{"rendered":"<p><strong>Die Fakult\u00e4t f\u00fcr Sozialwissenschaften der Akademie f\u00fcr Wirtschafts- und Geisteswissenschaften Warschau und das Institut f\u00fcr Journalismus und Soziale Kommunikation der P\u00e4pstlichen Johannes-Paul-II.-Universit\u00e4t\u00a0 Krakau organisieren die Gesamtpolnische Wissenschaftliche Konferenz \u201ePolitik vs. Medien. Medien vs. Politik in Polen im 20. und 21. Jahrhundert\u201c. Die Veranstaltung wird am 14. November in Krakau stattfinden. <\/strong><\/p>\n<p>An Beratungen und Diskussionen werden ausgezeichnete Politologen, Medienwissenschaftler und Historiker teilnehmen. Das Treffen wird ein Versuch der Antwort auf die Frage nach offensichtlichen und seit langer Zeit bestehenden Beziehungen zwischen der Politik und den Medien im Licht der wissenschaftlichen Forschung sein. Den ersten Teil der Konferenz und die Diskussion wird Redakteur Bernard Margueritte leiten.<\/p>\n<p>Die Konferenz wird mit dem Vortrag von Prof. Dr. habil. Rafa\u0142 Habielski von der Universit\u00e4t Warschau mit dem Titel \u201eMedien und Politik. Der Fall des Rundfunks Freies Europa\u201c beginnen.<\/p>\n","protected":false},"excerpt":{"rendered":"<p>Die Fakult\u00e4t f\u00fcr Sozialwissenschaften der Akademie f\u00fcr Wirtschafts- und Geisteswissenschaften Warschau und das Institut f\u00fcr Journalismus und Soziale Kommunikation der P\u00e4pstlichen Johannes-Paul-II.-Universit\u00e4t\u00a0 Krakau organisieren die Gesamtpolnische Wissenschaftliche Konferenz \u201ePolitik vs. Medien. Medien vs. Politik in Polen im 20. und 21. Jahrhundert\u201c. Die Veranstaltung wird am 14. November in Krakau stattfinden. An Beratungen und Diskussionen werden [&hellip;]<\/p>\n","protected":false},"author":9,"featured_media":0,"comment_status":"closed","ping_status":"closed","sticky":false,"template":"","format":"standard","meta":[],"categories":[65],"tags":[],"_links":{"self":[{"href":"https:\/\/www.polishscience.pl\/de\/wp-json\/wp\/v2\/posts\/101142"}],"collection":[{"href":"https:\/\/www.polishscience.pl\/de\/wp-json\/wp\/v2\/posts"}],"about":[{"href":"https:\/\/www.polishscience.pl\/de\/wp-json\/wp\/v2\/types\/post"}],"author":[{"embeddable":true,"href":"https:\/\/www.polishscience.pl\/de\/wp-json\/wp\/v2\/users\/9"}],"replies":[{"embeddable":true,"href":"https:\/\/www.polishscience.pl\/de\/wp-json\/wp\/v2\/comments?post=101142"}],"version-history":[{"count":0,"href":"https:\/\/www.polishscience.pl\/de\/wp-json\/wp\/v2\/posts\/101142\/revisions"}],"wp:attachment":[{"href":"https:\/\/www.polishscience.pl\/de\/wp-json\/wp\/v2\/media?parent=101142"}],"wp:term":[{"taxonomy":"category","embeddable":true,"href":"https:\/\/www.polishscience.pl\/de\/wp-json\/wp\/v2\/categories?post=101142"},{"taxonomy":"post_tag","embeddable":true,"href":"https:\/\/www.polishscience.pl\/de\/wp-json\/wp\/v2\/tags?post=101142"}],"curies":[{"name":"wp","href":"https:\/\/api.w.org\/{rel}","templated":true}]}}