{"id":100912,"date":"2019-11-06T15:26:50","date_gmt":"2019-11-06T14:26:50","guid":{"rendered":"http:\/\/polishscience.pl\/?p=100912"},"modified":"2019-11-06T15:26:50","modified_gmt":"2019-11-06T14:26:50","slug":"gesamtpolnische-konferenz-ueber-historische-geographie-an-der-universitaet-lodz","status":"publish","type":"post","link":"https:\/\/www.polishscience.pl\/de\/gesamtpolnische-konferenz-ueber-historische-geographie-an-der-universitaet-lodz\/","title":{"rendered":"Gesamtpolnische Konferenz \u00fcber historische Geographie an der Universit\u00e4t \u0141\u00f3d\u017a"},"content":{"rendered":"<p><strong>Der Lehrstuhl f\u00fcr Politische und Historische Geographie und Regionale Studien der Fakult\u00e4t f\u00fcr Geographiewissenschaften der Universit\u00e4t \u0141\u00f3d\u017a, die Kommission f\u00fcr Politische und Historische Geographie der Polnischen Gesellschaft f\u00fcr Geographie und die Kommission f\u00fcr Historische Geographie der Polnischen Gesellschaft f\u00fcr Geschichte organisieren vom 14. bis zum 15. November 2019 die 6. Gesamtpolnische Konferenz \u00fcber Historische Geographie \u201eR\u00e4umliche Dimension der Kulturerbeforschung\u201c.<\/strong><\/p>\n<p>Das Ziel der Veranstaltung ist die \u201emehrdimensionale Reflexion \u00fcber die Rolle und Bedeutung der historischen Geographie in der Kulturerbeforschung\u201c.<\/p>\n<p>Wie die Universit\u00e4t \u0141\u00f3d\u017a informiert, werden die Konferenzteilnehmer versuchen, auf wichtige Fragen bez\u00fcglich der Evolution des Forschungsansatzes zum kulturellen Erbe infolge der sich ver\u00e4nderten Rolle des Kulturerbes in der Gesellschaft und in der Wirtschaft zu antworten. Die geplante Diskussion wird auch den Einfluss der zunehmenden Interdisziplinarit\u00e4t in der Kulturerbeforschung (heritage studies), im Kontext der Chancen und Bedrohungen f\u00fcr die Rolle der historischen Geographie als der wissenschaftlichen Disziplin, betreffen.<\/p>\n","protected":false},"excerpt":{"rendered":"<p>Der Lehrstuhl f\u00fcr Politische und Historische Geographie und Regionale Studien der Fakult\u00e4t f\u00fcr Geographiewissenschaften der Universit\u00e4t \u0141\u00f3d\u017a, die Kommission f\u00fcr Politische und Historische Geographie der Polnischen Gesellschaft f\u00fcr Geographie und die Kommission f\u00fcr Historische Geographie der Polnischen Gesellschaft f\u00fcr Geschichte organisieren vom 14. bis zum 15. November 2019 die 6. Gesamtpolnische Konferenz \u00fcber Historische Geographie [&hellip;]<\/p>\n","protected":false},"author":9,"featured_media":0,"comment_status":"closed","ping_status":"closed","sticky":false,"template":"","format":"standard","meta":[],"categories":[65],"tags":[],"_links":{"self":[{"href":"https:\/\/www.polishscience.pl\/de\/wp-json\/wp\/v2\/posts\/100912"}],"collection":[{"href":"https:\/\/www.polishscience.pl\/de\/wp-json\/wp\/v2\/posts"}],"about":[{"href":"https:\/\/www.polishscience.pl\/de\/wp-json\/wp\/v2\/types\/post"}],"author":[{"embeddable":true,"href":"https:\/\/www.polishscience.pl\/de\/wp-json\/wp\/v2\/users\/9"}],"replies":[{"embeddable":true,"href":"https:\/\/www.polishscience.pl\/de\/wp-json\/wp\/v2\/comments?post=100912"}],"version-history":[{"count":0,"href":"https:\/\/www.polishscience.pl\/de\/wp-json\/wp\/v2\/posts\/100912\/revisions"}],"wp:attachment":[{"href":"https:\/\/www.polishscience.pl\/de\/wp-json\/wp\/v2\/media?parent=100912"}],"wp:term":[{"taxonomy":"category","embeddable":true,"href":"https:\/\/www.polishscience.pl\/de\/wp-json\/wp\/v2\/categories?post=100912"},{"taxonomy":"post_tag","embeddable":true,"href":"https:\/\/www.polishscience.pl\/de\/wp-json\/wp\/v2\/tags?post=100912"}],"curies":[{"name":"wp","href":"https:\/\/api.w.org\/{rel}","templated":true}]}}